{"id":1419,"date":"2022-09-07T22:55:11","date_gmt":"2022-09-07T22:55:11","guid":{"rendered":"http:\/\/www.jlsvhermosillo.mx\/jlsvh\/?p=1419"},"modified":"2022-09-08T16:13:31","modified_gmt":"2022-09-08T16:13:31","slug":"evento-25-dia-del-nogalero","status":"publish","type":"post","link":"https:\/\/www.jlsvhermosillo.mx\/jlsvh\/evento-25-dia-del-nogalero\/","title":{"rendered":"Evento &#8211; 25\u00b0 D\u00eda del Nogalero"},"content":{"rendered":"<h3 style=\"text-align: center;\"><span style=\"color: #ff6600;\"><strong>\u00a1Estamos de vuelta!<\/strong><\/span><\/h3>\n<hr \/>\n<h4><span style=\"color: #000000;\">La Junta Local de Sanidad Vegetal de Hermosillo, le hace una atenta invitaci\u00f3n al 25\u00b0 D\u00eda del Nogalero, el cual se llevar\u00e1 a cabo los d\u00edas 7, 8 y 9 de Septiembre del presente a\u00f1o, en la ciudad de Delicias, Chihuahua, M\u00e9xico. Este es un evento organizado por la Asociaci\u00f3n Agr\u00edcola Local, Productores de Nogal y Nuez Delicias.<\/span><\/h4>\n<h4><span style=\"color: #000000;\">Este a\u00f1o el tema central es el cambio clim\u00e1tico y la escasez de agua<\/span><\/h4>\n<ul>\n<li>\n<h4><span style=\"color: #000000;\">Se contar\u00e1 con m\u00e1s de 10 conferencias nacionales e internaciones con expositores expertos en el tema<\/span><\/h4>\n<\/li>\n<li>\n<h4><span style=\"color: #000000;\">Demostraci\u00f3n y expo de maquinaria\u00a0<\/span><\/h4>\n<\/li>\n<li>\n<h4><span style=\"color: #000000;\">Stand de insumos, etc.<\/span><\/h4>\n<\/li>\n<\/ul>\n<h4><span style=\"color: #000000;\">\u00a0<\/span><\/h4>\n<h4 style=\"text-align: center;\"><span style=\"color: #000000;\">INFORMES:<\/span><\/h4>\n<h4 style=\"text-align: center;\"><span style=\"color: #000000;\">Calle 20 de Nov. Ote. No 32, Col. Benito Ju\u00e1rez, Cd. Delicias, Chihuahua, C.P. 33060<\/span><\/h4>\n<h4 style=\"text-align: center;\"><span style=\"color: #000000;\">Tel: (639) 472 6366 , Cel (639) 120 1794<\/span><\/h4>\n<h4 style=\"text-align: center;\"><span style=\"color: #000000;\">Email: nogaleros@prodigy.net.mx\u00a0 diadelnogalero@hotmail.com\u00a0<\/span><\/h4>\n<h4 style=\"text-align: center;\"><span style=\"color: #000000;\"><strong>Para m\u00e1s informaci\u00f3n da click en la imagen\u00a0<\/strong><\/span><\/h4>\n<p><a href=\"https:\/\/diadelnogalero.mx\/\"><img loading=\"lazy\" decoding=\"async\" class=\"aligncenter wp-image-1423 size-full\" src=\"http:\/\/www.jlsvhermosillo.mx\/jlsvh\/wp-content\/uploads\/2022\/09\/Dia-Nogalero-Delicias.png\" alt=\"\" width=\"1000\" height=\"1000\" srcset=\"https:\/\/www.jlsvhermosillo.mx\/jlsvh\/wp-content\/uploads\/2022\/09\/Dia-Nogalero-Delicias.png 1000w, https:\/\/www.jlsvhermosillo.mx\/jlsvh\/wp-content\/uploads\/2022\/09\/Dia-Nogalero-Delicias-300x300.png 300w, https:\/\/www.jlsvhermosillo.mx\/jlsvh\/wp-content\/uploads\/2022\/09\/Dia-Nogalero-Delicias-150x150.png 150w, https:\/\/www.jlsvhermosillo.mx\/jlsvh\/wp-content\/uploads\/2022\/09\/Dia-Nogalero-Delicias-768x768.png 768w\" sizes=\"auto, (max-width: 1000px) 100vw, 1000px\" \/><\/a><\/p>\n","protected":false},"excerpt":{"rendered":"<p>\u00a1Estamos de vuelta! La Junta Local de Sanidad Vegetal de Hermosillo, le hace una atenta invitaci\u00f3n al 25\u00b0 D\u00eda del Nogalero, el cual se llevar\u00e1 a cabo los d\u00edas 7, 8 y 9 de Septiembre del presente a\u00f1o, en la ciudad de Delicias, Chihuahua, M\u00e9xico. Este es un evento organizado por la Asociaci\u00f3n Agr\u00edcola Local, [&hellip;]<\/p>\n","protected":false},"author":7,"featured_media":1422,"comment_status":"closed","ping_status":"closed","sticky":false,"template":"","format":"standard","meta":{"footnotes":""},"categories":[5],"tags":[],"class_list":["post-1419","post","type-post","status-publish","format-standard","has-post-thumbnail","hentry","category-notas"],"_links":{"self":[{"href":"https:\/\/www.jlsvhermosillo.mx\/jlsvh\/wp-json\/wp\/v2\/posts\/1419","targetHints":{"allow":["GET"]}}],"collection":[{"href":"https:\/\/www.jlsvhermosillo.mx\/jlsvh\/wp-json\/wp\/v2\/posts"}],"about":[{"href":"https:\/\/www.jlsvhermosillo.mx\/jlsvh\/wp-json\/wp\/v2\/types\/post"}],"author":[{"embeddable":true,"href":"https:\/\/www.jlsvhermosillo.mx\/jlsvh\/wp-json\/wp\/v2\/users\/7"}],"replies":[{"embeddable":true,"href":"https:\/\/www.jlsvhermosillo.mx\/jlsvh\/wp-json\/wp\/v2\/comments?post=1419"}],"version-history":[{"count":5,"href":"https:\/\/www.jlsvhermosillo.mx\/jlsvh\/wp-json\/wp\/v2\/posts\/1419\/revisions"}],"predecessor-version":[{"id":1451,"href":"https:\/\/www.jlsvhermosillo.mx\/jlsvh\/wp-json\/wp\/v2\/posts\/1419\/revisions\/1451"}],"wp:featuredmedia":[{"embeddable":true,"href":"https:\/\/www.jlsvhermosillo.mx\/jlsvh\/wp-json\/wp\/v2\/media\/1422"}],"wp:attachment":[{"href":"https:\/\/www.jlsvhermosillo.mx\/jlsvh\/wp-json\/wp\/v2\/media?parent=1419"}],"wp:term":[{"taxonomy":"category","embeddable":true,"href":"https:\/\/www.jlsvhermosillo.mx\/jlsvh\/wp-json\/wp\/v2\/categories?post=1419"},{"taxonomy":"post_tag","embeddable":true,"href":"https:\/\/www.jlsvhermosillo.mx\/jlsvh\/wp-json\/wp\/v2\/tags?post=1419"}],"curies":[{"name":"wp","href":"https:\/\/api.w.org\/{rel}","templated":true}]}}