{"id":1510,"date":"2022-12-26T17:19:24","date_gmt":"2022-12-26T17:19:24","guid":{"rendered":"http:\/\/www.jlsvhermosillo.mx\/jlsvh\/?p=1510"},"modified":"2022-12-26T18:04:57","modified_gmt":"2022-12-26T18:04:57","slug":"capacitacion","status":"publish","type":"post","link":"https:\/\/www.jlsvhermosillo.mx\/jlsvh\/capacitacion\/","title":{"rendered":"Capacitaci\u00f3n &#8211; Campa\u00f1a Nacional Contra Moscas de la Fruta"},"content":{"rendered":"<h3 style=\"text-align: center;\"><span style=\"color: #008000;\"><strong>Capacitaci\u00f3n\u00a0<\/strong><\/span><\/h3>\n<hr \/>\n<h4 style=\"text-align: center;\"><span style=\"color: #000000;\">En seguimiento a las actividades programadas en la Campa\u00f1a Nacional Contra Moscas de la Fruta, personal t\u00e9cnico de la Junta Local de Sanidad Vegetal de Hermosillo asisti\u00f3 al evento de capacitaci\u00f3n &#8220;Reconocimiento y biolog\u00eda de moscas ex\u00f3ticas de la fruta y moscas nativas&#8221;, realizado el pasado 17 de noviembre del 2022.\u00a0 \u00a0<\/span><\/h4>\n<p><img loading=\"lazy\" decoding=\"async\" class=\"alignnone wp-image-1501\" src=\"http:\/\/www.jlsvhermosillo.mx\/jlsvh\/wp-content\/uploads\/2022\/12\/IMG_6835-300x200.jpg\" alt=\"\" width=\"353\" height=\"235\" srcset=\"https:\/\/www.jlsvhermosillo.mx\/jlsvh\/wp-content\/uploads\/2022\/12\/IMG_6835-300x200.jpg 300w, https:\/\/www.jlsvhermosillo.mx\/jlsvh\/wp-content\/uploads\/2022\/12\/IMG_6835-1024x683.jpg 1024w, https:\/\/www.jlsvhermosillo.mx\/jlsvh\/wp-content\/uploads\/2022\/12\/IMG_6835-768x512.jpg 768w, https:\/\/www.jlsvhermosillo.mx\/jlsvh\/wp-content\/uploads\/2022\/12\/IMG_6835-1536x1024.jpg 1536w, https:\/\/www.jlsvhermosillo.mx\/jlsvh\/wp-content\/uploads\/2022\/12\/IMG_6835-1080x720.jpg 1080w, https:\/\/www.jlsvhermosillo.mx\/jlsvh\/wp-content\/uploads\/2022\/12\/IMG_6835.jpg 2048w\" sizes=\"auto, (max-width: 353px) 100vw, 353px\" \/>\u00a0 \u00a0<img loading=\"lazy\" decoding=\"async\" class=\"alignnone wp-image-1503\" src=\"http:\/\/www.jlsvhermosillo.mx\/jlsvh\/wp-content\/uploads\/2022\/12\/IMG_6828-300x200.jpg\" alt=\"\" width=\"351\" height=\"234\" srcset=\"https:\/\/www.jlsvhermosillo.mx\/jlsvh\/wp-content\/uploads\/2022\/12\/IMG_6828-300x200.jpg 300w, https:\/\/www.jlsvhermosillo.mx\/jlsvh\/wp-content\/uploads\/2022\/12\/IMG_6828-1024x683.jpg 1024w, https:\/\/www.jlsvhermosillo.mx\/jlsvh\/wp-content\/uploads\/2022\/12\/IMG_6828-768x512.jpg 768w, https:\/\/www.jlsvhermosillo.mx\/jlsvh\/wp-content\/uploads\/2022\/12\/IMG_6828-1536x1024.jpg 1536w, https:\/\/www.jlsvhermosillo.mx\/jlsvh\/wp-content\/uploads\/2022\/12\/IMG_6828-1080x720.jpg 1080w, https:\/\/www.jlsvhermosillo.mx\/jlsvh\/wp-content\/uploads\/2022\/12\/IMG_6828.jpg 2048w\" sizes=\"auto, (max-width: 351px) 100vw, 351px\" \/>\u00a0 \u00a0 <img loading=\"lazy\" decoding=\"async\" class=\"alignnone wp-image-1504\" src=\"http:\/\/www.jlsvhermosillo.mx\/jlsvh\/wp-content\/uploads\/2022\/12\/IMG_6830-300x200.jpg\" alt=\"\" width=\"350\" height=\"233\" srcset=\"https:\/\/www.jlsvhermosillo.mx\/jlsvh\/wp-content\/uploads\/2022\/12\/IMG_6830-300x200.jpg 300w, https:\/\/www.jlsvhermosillo.mx\/jlsvh\/wp-content\/uploads\/2022\/12\/IMG_6830-1024x683.jpg 1024w, https:\/\/www.jlsvhermosillo.mx\/jlsvh\/wp-content\/uploads\/2022\/12\/IMG_6830-768x512.jpg 768w, https:\/\/www.jlsvhermosillo.mx\/jlsvh\/wp-content\/uploads\/2022\/12\/IMG_6830-1536x1024.jpg 1536w, https:\/\/www.jlsvhermosillo.mx\/jlsvh\/wp-content\/uploads\/2022\/12\/IMG_6830-1080x720.jpg 1080w, https:\/\/www.jlsvhermosillo.mx\/jlsvh\/wp-content\/uploads\/2022\/12\/IMG_6830.jpg 2048w\" sizes=\"auto, (max-width: 350px) 100vw, 350px\" \/><\/p>\n<p><img loading=\"lazy\" decoding=\"async\" class=\"alignnone wp-image-1505\" src=\"http:\/\/www.jlsvhermosillo.mx\/jlsvh\/wp-content\/uploads\/2022\/12\/IMG_6935-300x200.jpg\" alt=\"\" width=\"348\" height=\"232\" srcset=\"https:\/\/www.jlsvhermosillo.mx\/jlsvh\/wp-content\/uploads\/2022\/12\/IMG_6935-300x200.jpg 300w, https:\/\/www.jlsvhermosillo.mx\/jlsvh\/wp-content\/uploads\/2022\/12\/IMG_6935-768x512.jpg 768w, https:\/\/www.jlsvhermosillo.mx\/jlsvh\/wp-content\/uploads\/2022\/12\/IMG_6935.jpg 960w\" sizes=\"auto, (max-width: 348px) 100vw, 348px\" \/>\u00a0 \u00a0 <img loading=\"lazy\" decoding=\"async\" class=\"alignnone wp-image-1502\" src=\"http:\/\/www.jlsvhermosillo.mx\/jlsvh\/wp-content\/uploads\/2022\/12\/IMG_6827-300x200.jpg\" alt=\"\" width=\"351\" height=\"234\" srcset=\"https:\/\/www.jlsvhermosillo.mx\/jlsvh\/wp-content\/uploads\/2022\/12\/IMG_6827-300x200.jpg 300w, https:\/\/www.jlsvhermosillo.mx\/jlsvh\/wp-content\/uploads\/2022\/12\/IMG_6827-1024x683.jpg 1024w, https:\/\/www.jlsvhermosillo.mx\/jlsvh\/wp-content\/uploads\/2022\/12\/IMG_6827-768x512.jpg 768w, https:\/\/www.jlsvhermosillo.mx\/jlsvh\/wp-content\/uploads\/2022\/12\/IMG_6827-1536x1024.jpg 1536w, https:\/\/www.jlsvhermosillo.mx\/jlsvh\/wp-content\/uploads\/2022\/12\/IMG_6827-1080x720.jpg 1080w, https:\/\/www.jlsvhermosillo.mx\/jlsvh\/wp-content\/uploads\/2022\/12\/IMG_6827.jpg 2048w\" sizes=\"auto, (max-width: 351px) 100vw, 351px\" \/><\/p>\n","protected":false},"excerpt":{"rendered":"<p>Capacitaci\u00f3n\u00a0 En seguimiento a las actividades programadas en la Campa\u00f1a Nacional Contra Moscas de la Fruta, personal t\u00e9cnico de la Junta Local de Sanidad Vegetal de Hermosillo asisti\u00f3 al evento de capacitaci\u00f3n &#8220;Reconocimiento y biolog\u00eda de moscas ex\u00f3ticas de la fruta y moscas nativas&#8221;, realizado el pasado 17 de noviembre del 2022.\u00a0 \u00a0 \u00a0 \u00a0\u00a0 [&hellip;]<\/p>\n","protected":false},"author":7,"featured_media":1501,"comment_status":"closed","ping_status":"closed","sticky":false,"template":"","format":"standard","meta":{"footnotes":""},"categories":[5],"tags":[],"class_list":["post-1510","post","type-post","status-publish","format-standard","has-post-thumbnail","hentry","category-notas"],"_links":{"self":[{"href":"https:\/\/www.jlsvhermosillo.mx\/jlsvh\/wp-json\/wp\/v2\/posts\/1510","targetHints":{"allow":["GET"]}}],"collection":[{"href":"https:\/\/www.jlsvhermosillo.mx\/jlsvh\/wp-json\/wp\/v2\/posts"}],"about":[{"href":"https:\/\/www.jlsvhermosillo.mx\/jlsvh\/wp-json\/wp\/v2\/types\/post"}],"author":[{"embeddable":true,"href":"https:\/\/www.jlsvhermosillo.mx\/jlsvh\/wp-json\/wp\/v2\/users\/7"}],"replies":[{"embeddable":true,"href":"https:\/\/www.jlsvhermosillo.mx\/jlsvh\/wp-json\/wp\/v2\/comments?post=1510"}],"version-history":[{"count":4,"href":"https:\/\/www.jlsvhermosillo.mx\/jlsvh\/wp-json\/wp\/v2\/posts\/1510\/revisions"}],"predecessor-version":[{"id":1514,"href":"https:\/\/www.jlsvhermosillo.mx\/jlsvh\/wp-json\/wp\/v2\/posts\/1510\/revisions\/1514"}],"wp:featuredmedia":[{"embeddable":true,"href":"https:\/\/www.jlsvhermosillo.mx\/jlsvh\/wp-json\/wp\/v2\/media\/1501"}],"wp:attachment":[{"href":"https:\/\/www.jlsvhermosillo.mx\/jlsvh\/wp-json\/wp\/v2\/media?parent=1510"}],"wp:term":[{"taxonomy":"category","embeddable":true,"href":"https:\/\/www.jlsvhermosillo.mx\/jlsvh\/wp-json\/wp\/v2\/categories?post=1510"},{"taxonomy":"post_tag","embeddable":true,"href":"https:\/\/www.jlsvhermosillo.mx\/jlsvh\/wp-json\/wp\/v2\/tags?post=1510"}],"curies":[{"name":"wp","href":"https:\/\/api.w.org\/{rel}","templated":true}]}}