{"id":1540,"date":"2023-01-04T17:10:30","date_gmt":"2023-01-04T17:10:30","guid":{"rendered":"http:\/\/www.jlsvhermosillo.mx\/jlsvh\/?p=1540"},"modified":"2023-01-04T17:10:30","modified_gmt":"2023-01-04T17:10:30","slug":"evento-hongos-de-la-madera-de-nogal-y-estrategias-para-su-manejo","status":"publish","type":"post","link":"https:\/\/www.jlsvhermosillo.mx\/jlsvh\/evento-hongos-de-la-madera-de-nogal-y-estrategias-para-su-manejo\/","title":{"rendered":"Evento &#8211; Hongos de la Madera de Nogal y Estrategias para su Manejo"},"content":{"rendered":"<h3 style=\"text-align: center;\"><span style=\"color: #ff9900;\"><strong>\u00a1No te lo puedes perder!<\/strong><\/span><\/h3>\n<hr \/>\n<h3 style=\"text-align: center;\"><span style=\"color: #000000;\">La Junta Local de Sanidad Vegetal de Hermosillo, le hace una atenta invitaci\u00f3n al evento &#8220;Hongos de la Madera de Nogal y Estrategias para su Manejo&#8221;.<\/span><\/h3>\n<h3 style=\"text-align: center;\"><span style=\"color: #000000;\">Fecha: 12 de enero del 2023<\/span><\/h3>\n<h3 style=\"text-align: center;\"><span style=\"color: #000000;\">Hora: 17:00 horas\u00a0<\/span><\/h3>\n<h3 style=\"text-align: center;\"><span style=\"color: #000000;\">Lugar: Auditorio de la Asociaci\u00f3n Agr\u00edcola Local de Productores de Uva de Mesa <\/span><\/h3>\n<h4 style=\"text-align: center;\"><span style=\"color: #000000;\">(Calle Adalberto Truqui y Campeche S\/N, Col. Pimentel, Hermosillo, Sonora, M\u00e9xico).<\/span><\/h4>\n<h3 style=\"text-align: center;\"><span style=\"color: #000000;\">Contaremos con la presencia de la Dra. Rufina Hern\u00e1ndez Mart\u00ednez, Investigadora del Centro de Investigaci\u00f3n Cient\u00edfica y de Educaci\u00f3n Superior de Ensenada, Baja California.\u00a0<\/span><\/h3>\n<h3 style=\"text-align: center;\"><span style=\"color: #000000;\">Para mayor informaci\u00f3n comunicarse al tel\u00e9fono: 662 260 7046\u00a0<\/span><\/h3>\n<p>&nbsp;<\/p>\n<p><img loading=\"lazy\" decoding=\"async\" class=\" wp-image-1541 aligncenter\" src=\"http:\/\/www.jlsvhermosillo.mx\/jlsvh\/wp-content\/uploads\/2023\/01\/Evento-Enfermedades-de-Madera-del-Nogal-2023-214x300.jpg\" alt=\"\" width=\"400\" height=\"561\" srcset=\"https:\/\/www.jlsvhermosillo.mx\/jlsvh\/wp-content\/uploads\/2023\/01\/Evento-Enfermedades-de-Madera-del-Nogal-2023-214x300.jpg 214w, https:\/\/www.jlsvhermosillo.mx\/jlsvh\/wp-content\/uploads\/2023\/01\/Evento-Enfermedades-de-Madera-del-Nogal-2023-732x1024.jpg 732w, https:\/\/www.jlsvhermosillo.mx\/jlsvh\/wp-content\/uploads\/2023\/01\/Evento-Enfermedades-de-Madera-del-Nogal-2023-768x1075.jpg 768w, https:\/\/www.jlsvhermosillo.mx\/jlsvh\/wp-content\/uploads\/2023\/01\/Evento-Enfermedades-de-Madera-del-Nogal-2023-1097x1536.jpg 1097w, https:\/\/www.jlsvhermosillo.mx\/jlsvh\/wp-content\/uploads\/2023\/01\/Evento-Enfermedades-de-Madera-del-Nogal-2023-1080x1512.jpg 1080w, https:\/\/www.jlsvhermosillo.mx\/jlsvh\/wp-content\/uploads\/2023\/01\/Evento-Enfermedades-de-Madera-del-Nogal-2023.jpg 1429w\" sizes=\"auto, (max-width: 400px) 100vw, 400px\" \/><\/p>\n","protected":false},"excerpt":{"rendered":"<p>\u00a1No te lo puedes perder! La Junta Local de Sanidad Vegetal de Hermosillo, le hace una atenta invitaci\u00f3n al evento &#8220;Hongos de la Madera de Nogal y Estrategias para su Manejo&#8221;. Fecha: 12 de enero del 2023 Hora: 17:00 horas\u00a0 Lugar: Auditorio de la Asociaci\u00f3n Agr\u00edcola Local de Productores de Uva de Mesa (Calle Adalberto [&hellip;]<\/p>\n","protected":false},"author":7,"featured_media":1541,"comment_status":"closed","ping_status":"closed","sticky":false,"template":"","format":"standard","meta":{"footnotes":""},"categories":[5],"tags":[],"class_list":["post-1540","post","type-post","status-publish","format-standard","has-post-thumbnail","hentry","category-notas"],"_links":{"self":[{"href":"https:\/\/www.jlsvhermosillo.mx\/jlsvh\/wp-json\/wp\/v2\/posts\/1540","targetHints":{"allow":["GET"]}}],"collection":[{"href":"https:\/\/www.jlsvhermosillo.mx\/jlsvh\/wp-json\/wp\/v2\/posts"}],"about":[{"href":"https:\/\/www.jlsvhermosillo.mx\/jlsvh\/wp-json\/wp\/v2\/types\/post"}],"author":[{"embeddable":true,"href":"https:\/\/www.jlsvhermosillo.mx\/jlsvh\/wp-json\/wp\/v2\/users\/7"}],"replies":[{"embeddable":true,"href":"https:\/\/www.jlsvhermosillo.mx\/jlsvh\/wp-json\/wp\/v2\/comments?post=1540"}],"version-history":[{"count":1,"href":"https:\/\/www.jlsvhermosillo.mx\/jlsvh\/wp-json\/wp\/v2\/posts\/1540\/revisions"}],"predecessor-version":[{"id":1542,"href":"https:\/\/www.jlsvhermosillo.mx\/jlsvh\/wp-json\/wp\/v2\/posts\/1540\/revisions\/1542"}],"wp:featuredmedia":[{"embeddable":true,"href":"https:\/\/www.jlsvhermosillo.mx\/jlsvh\/wp-json\/wp\/v2\/media\/1541"}],"wp:attachment":[{"href":"https:\/\/www.jlsvhermosillo.mx\/jlsvh\/wp-json\/wp\/v2\/media?parent=1540"}],"wp:term":[{"taxonomy":"category","embeddable":true,"href":"https:\/\/www.jlsvhermosillo.mx\/jlsvh\/wp-json\/wp\/v2\/categories?post=1540"},{"taxonomy":"post_tag","embeddable":true,"href":"https:\/\/www.jlsvhermosillo.mx\/jlsvh\/wp-json\/wp\/v2\/tags?post=1540"}],"curies":[{"name":"wp","href":"https:\/\/api.w.org\/{rel}","templated":true}]}}