{"id":1579,"date":"2023-03-01T18:45:42","date_gmt":"2023-03-01T18:45:42","guid":{"rendered":"https:\/\/www.jlsvhermosillo.mx\/jlsvh\/?p=1579"},"modified":"2023-03-01T18:45:42","modified_gmt":"2023-03-01T18:45:42","slug":"galeria-simposio-internacional-acciones-y-estrategias-para-el-control-de-enfermedades-de-la-madera-de-la-vid","status":"publish","type":"post","link":"https:\/\/www.jlsvhermosillo.mx\/jlsvh\/galeria-simposio-internacional-acciones-y-estrategias-para-el-control-de-enfermedades-de-la-madera-de-la-vid\/","title":{"rendered":"Galer\u00eda &#8211; Simposio Internacional &#8220;Acciones y Estrategias para el Control de Enfermedades de la Madera de la Vid&#8221;"},"content":{"rendered":"<h4><\/h4>\n<h4 style=\"text-align: center;\"><span style=\"color: #000000;\">Agradecemos a todos los asistentes por su presencia y participaci\u00f3n en el Simposio Internacional &#8220;Acciones y Estrategias para el Control de Enfermedades de la Madera de la Vid&#8221;, impartida por la Dra. Rufina Hern\u00e1ndez, el Dr. Jos\u00e9 \u00darbez Torres y el Dr. David Gramaje.\u00a0<\/span><\/h4>\n<p>&nbsp;<\/p>\n<h4 style=\"text-align: center;\"><span style=\"color: #008000;\"><strong>\u00a1Nos vemos en pr\u00f3ximos eventos!<\/strong><\/span><\/h4>\n<p style=\"text-align: center;\"><img loading=\"lazy\" decoding=\"async\" class=\"alignnone size-medium wp-image-1590\" src=\"http:\/\/www.jlsvhermosillo.mx\/jlsvh\/wp-content\/uploads\/2023\/02\/IMG_7868-300x225.jpg\" alt=\"\" width=\"300\" height=\"225\" \/> <img loading=\"lazy\" decoding=\"async\" class=\"alignnone size-medium wp-image-1595\" src=\"http:\/\/www.jlsvhermosillo.mx\/jlsvh\/wp-content\/uploads\/2023\/02\/IMG_7868-1.jpg\" alt=\"\" width=\"1\" height=\"1\" \/> <img loading=\"lazy\" decoding=\"async\" class=\"alignnone size-medium wp-image-1595\" src=\"http:\/\/www.jlsvhermosillo.mx\/jlsvh\/wp-content\/uploads\/2023\/02\/IMG_7868-1.jpg\" alt=\"\" width=\"1\" height=\"1\" \/><img loading=\"lazy\" decoding=\"async\" class=\"alignnone  wp-image-1593\" src=\"http:\/\/www.jlsvhermosillo.mx\/jlsvh\/wp-content\/uploads\/2023\/02\/IMG_7824-1-300x191.jpeg\" alt=\"\" width=\"349\" height=\"222\" srcset=\"https:\/\/www.jlsvhermosillo.mx\/jlsvh\/wp-content\/uploads\/2023\/02\/IMG_7824-1-300x191.jpeg 300w, https:\/\/www.jlsvhermosillo.mx\/jlsvh\/wp-content\/uploads\/2023\/02\/IMG_7824-1-1024x653.jpeg 1024w, https:\/\/www.jlsvhermosillo.mx\/jlsvh\/wp-content\/uploads\/2023\/02\/IMG_7824-1-768x490.jpeg 768w, https:\/\/www.jlsvhermosillo.mx\/jlsvh\/wp-content\/uploads\/2023\/02\/IMG_7824-1-1536x980.jpeg 1536w, https:\/\/www.jlsvhermosillo.mx\/jlsvh\/wp-content\/uploads\/2023\/02\/IMG_7824-1-2048x1306.jpeg 2048w\" sizes=\"auto, (max-width: 349px) 100vw, 349px\" \/> <img loading=\"lazy\" decoding=\"async\" class=\"alignnone size-medium wp-image-1580\" src=\"http:\/\/www.jlsvhermosillo.mx\/jlsvh\/wp-content\/uploads\/2023\/02\/IMG_7872-300x225.jpg\" alt=\"\" width=\"300\" height=\"225\" \/> <img loading=\"lazy\" decoding=\"async\" class=\"alignnone size-medium wp-image-1581\" src=\"http:\/\/www.jlsvhermosillo.mx\/jlsvh\/wp-content\/uploads\/2023\/02\/IMG_7884-300x225.jpg\" alt=\"\" width=\"300\" height=\"225\" \/> <img loading=\"lazy\" decoding=\"async\" class=\"alignnone size-medium wp-image-1592\" src=\"http:\/\/www.jlsvhermosillo.mx\/jlsvh\/wp-content\/uploads\/2023\/02\/IMG_7860.jpg\" alt=\"\" width=\"1\" height=\"1\" \/>\u00a0<img loading=\"lazy\" decoding=\"async\" class=\"alignnone  wp-image-1596\" src=\"http:\/\/www.jlsvhermosillo.mx\/jlsvh\/wp-content\/uploads\/2023\/02\/IMG_7888-1-300x186.jpg\" alt=\"\" width=\"360\" height=\"223\" srcset=\"https:\/\/www.jlsvhermosillo.mx\/jlsvh\/wp-content\/uploads\/2023\/02\/IMG_7888-1-300x186.jpg 300w, https:\/\/www.jlsvhermosillo.mx\/jlsvh\/wp-content\/uploads\/2023\/02\/IMG_7888-1-1024x636.jpg 1024w, https:\/\/www.jlsvhermosillo.mx\/jlsvh\/wp-content\/uploads\/2023\/02\/IMG_7888-1-768x477.jpg 768w, https:\/\/www.jlsvhermosillo.mx\/jlsvh\/wp-content\/uploads\/2023\/02\/IMG_7888-1-1536x953.jpg 1536w, https:\/\/www.jlsvhermosillo.mx\/jlsvh\/wp-content\/uploads\/2023\/02\/IMG_7888-1-2048x1271.jpg 2048w, https:\/\/www.jlsvhermosillo.mx\/jlsvh\/wp-content\/uploads\/2023\/02\/IMG_7888-1-1080x670.jpg 1080w\" sizes=\"auto, (max-width: 360px) 100vw, 360px\" \/> <img loading=\"lazy\" decoding=\"async\" class=\"alignnone size-medium wp-image-1583\" src=\"http:\/\/www.jlsvhermosillo.mx\/jlsvh\/wp-content\/uploads\/2023\/02\/IMG_7826-300x225.jpg\" alt=\"\" width=\"300\" height=\"225\" \/> <img loading=\"lazy\" decoding=\"async\" class=\"alignnone size-medium wp-image-1592\" src=\"http:\/\/www.jlsvhermosillo.mx\/jlsvh\/wp-content\/uploads\/2023\/02\/IMG_7860.jpg\" alt=\"\" width=\"1\" height=\"1\" \/> <img loading=\"lazy\" decoding=\"async\" class=\"alignnone wp-image-1594\" src=\"http:\/\/www.jlsvhermosillo.mx\/jlsvh\/wp-content\/uploads\/2023\/02\/IMG_7860-1-300x156.jpg\" alt=\"\" width=\"342\" height=\"178\" srcset=\"https:\/\/www.jlsvhermosillo.mx\/jlsvh\/wp-content\/uploads\/2023\/02\/IMG_7860-1-300x156.jpg 300w, https:\/\/www.jlsvhermosillo.mx\/jlsvh\/wp-content\/uploads\/2023\/02\/IMG_7860-1-1024x534.jpg 1024w, https:\/\/www.jlsvhermosillo.mx\/jlsvh\/wp-content\/uploads\/2023\/02\/IMG_7860-1-768x400.jpg 768w, https:\/\/www.jlsvhermosillo.mx\/jlsvh\/wp-content\/uploads\/2023\/02\/IMG_7860-1-1536x801.jpg 1536w, https:\/\/www.jlsvhermosillo.mx\/jlsvh\/wp-content\/uploads\/2023\/02\/IMG_7860-1-2048x1068.jpg 2048w\" sizes=\"auto, (max-width: 342px) 100vw, 342px\" \/>\u00a0 <img loading=\"lazy\" decoding=\"async\" class=\"alignnone  wp-image-1585\" src=\"http:\/\/www.jlsvhermosillo.mx\/jlsvh\/wp-content\/uploads\/2023\/02\/IMG_7903-300x142.jpg\" alt=\"\" width=\"372\" height=\"176\" srcset=\"https:\/\/www.jlsvhermosillo.mx\/jlsvh\/wp-content\/uploads\/2023\/02\/IMG_7903-300x142.jpg 300w, https:\/\/www.jlsvhermosillo.mx\/jlsvh\/wp-content\/uploads\/2023\/02\/IMG_7903-1024x485.jpg 1024w, https:\/\/www.jlsvhermosillo.mx\/jlsvh\/wp-content\/uploads\/2023\/02\/IMG_7903-768x364.jpg 768w, https:\/\/www.jlsvhermosillo.mx\/jlsvh\/wp-content\/uploads\/2023\/02\/IMG_7903-1536x727.jpg 1536w, https:\/\/www.jlsvhermosillo.mx\/jlsvh\/wp-content\/uploads\/2023\/02\/IMG_7903-2048x970.jpg 2048w, https:\/\/www.jlsvhermosillo.mx\/jlsvh\/wp-content\/uploads\/2023\/02\/IMG_7903-1080x511.jpg 1080w\" sizes=\"auto, (max-width: 372px) 100vw, 372px\" \/><\/p>\n","protected":false},"excerpt":{"rendered":"<p>Agradecemos a todos los asistentes por su presencia y participaci\u00f3n en el Simposio Internacional &#8220;Acciones y Estrategias para el Control de Enfermedades de la Madera de la Vid&#8221;, impartida por la Dra. Rufina Hern\u00e1ndez, el Dr. Jos\u00e9 \u00darbez Torres y el Dr. David Gramaje.\u00a0 &nbsp; \u00a1Nos vemos en pr\u00f3ximos eventos! \u00a0 \u00a0<\/p>\n","protected":false},"author":7,"featured_media":0,"comment_status":"closed","ping_status":"closed","sticky":false,"template":"","format":"standard","meta":{"footnotes":""},"categories":[5],"tags":[],"class_list":["post-1579","post","type-post","status-publish","format-standard","hentry","category-notas"],"_links":{"self":[{"href":"https:\/\/www.jlsvhermosillo.mx\/jlsvh\/wp-json\/wp\/v2\/posts\/1579","targetHints":{"allow":["GET"]}}],"collection":[{"href":"https:\/\/www.jlsvhermosillo.mx\/jlsvh\/wp-json\/wp\/v2\/posts"}],"about":[{"href":"https:\/\/www.jlsvhermosillo.mx\/jlsvh\/wp-json\/wp\/v2\/types\/post"}],"author":[{"embeddable":true,"href":"https:\/\/www.jlsvhermosillo.mx\/jlsvh\/wp-json\/wp\/v2\/users\/7"}],"replies":[{"embeddable":true,"href":"https:\/\/www.jlsvhermosillo.mx\/jlsvh\/wp-json\/wp\/v2\/comments?post=1579"}],"version-history":[{"count":1,"href":"https:\/\/www.jlsvhermosillo.mx\/jlsvh\/wp-json\/wp\/v2\/posts\/1579\/revisions"}],"predecessor-version":[{"id":1598,"href":"https:\/\/www.jlsvhermosillo.mx\/jlsvh\/wp-json\/wp\/v2\/posts\/1579\/revisions\/1598"}],"wp:attachment":[{"href":"https:\/\/www.jlsvhermosillo.mx\/jlsvh\/wp-json\/wp\/v2\/media?parent=1579"}],"wp:term":[{"taxonomy":"category","embeddable":true,"href":"https:\/\/www.jlsvhermosillo.mx\/jlsvh\/wp-json\/wp\/v2\/categories?post=1579"},{"taxonomy":"post_tag","embeddable":true,"href":"https:\/\/www.jlsvhermosillo.mx\/jlsvh\/wp-json\/wp\/v2\/tags?post=1579"}],"curies":[{"name":"wp","href":"https:\/\/api.w.org\/{rel}","templated":true}]}}