{"id":1599,"date":"2023-03-01T19:01:16","date_gmt":"2023-03-01T19:01:16","guid":{"rendered":"https:\/\/www.jlsvhermosillo.mx\/jlsvh\/?p=1599"},"modified":"2023-03-03T18:42:06","modified_gmt":"2023-03-03T18:42:06","slug":"tenemos-una-oportunidad-para-ti-3","status":"publish","type":"post","link":"https:\/\/www.jlsvhermosillo.mx\/jlsvh\/tenemos-una-oportunidad-para-ti-3\/","title":{"rendered":"\u00a1Tenemos una Oportunidad para ti!"},"content":{"rendered":"<h3 style=\"text-align: center;\"><span style=\"color: #008000;\"><strong>CONVOCATORIA P\u00daBLICA Y ABIERTA No. 001\/2023<\/strong><\/span><\/h3>\n<hr \/>\n<h3 style=\"text-align: center;\"><strong><span style=\"color: #000000;\">VACANTE: AUXILIAR DE CAMPO\u00a0<\/span><\/strong><\/h3>\n<h3 style=\"text-align: center;\"><span style=\"color: #000000;\">Consulta las bases aqu\u00ed<\/span><\/h3>\n<h3 style=\"text-align: center;\"><span style=\"color: #000000;\">\u00a0<img loading=\"lazy\" decoding=\"async\" class=\"alignnone wp-image-1600\" src=\"http:\/\/www.jlsvhermosillo.mx\/jlsvh\/wp-content\/uploads\/2023\/03\/CONVOCATORIA-PUBLICA-Y-ABIERTA-N.0012023-1-212x300.jpg\" alt=\"\" width=\"385\" height=\"545\" srcset=\"https:\/\/www.jlsvhermosillo.mx\/jlsvh\/wp-content\/uploads\/2023\/03\/CONVOCATORIA-PUBLICA-Y-ABIERTA-N.0012023-1-212x300.jpg 212w, https:\/\/www.jlsvhermosillo.mx\/jlsvh\/wp-content\/uploads\/2023\/03\/CONVOCATORIA-PUBLICA-Y-ABIERTA-N.0012023-1-724x1024.jpg 724w, https:\/\/www.jlsvhermosillo.mx\/jlsvh\/wp-content\/uploads\/2023\/03\/CONVOCATORIA-PUBLICA-Y-ABIERTA-N.0012023-1-768x1086.jpg 768w, https:\/\/www.jlsvhermosillo.mx\/jlsvh\/wp-content\/uploads\/2023\/03\/CONVOCATORIA-PUBLICA-Y-ABIERTA-N.0012023-1-1087x1536.jpg 1087w, https:\/\/www.jlsvhermosillo.mx\/jlsvh\/wp-content\/uploads\/2023\/03\/CONVOCATORIA-PUBLICA-Y-ABIERTA-N.0012023-1-1080x1527.jpg 1080w, https:\/\/www.jlsvhermosillo.mx\/jlsvh\/wp-content\/uploads\/2023\/03\/CONVOCATORIA-PUBLICA-Y-ABIERTA-N.0012023-1.jpg 1190w\" sizes=\"auto, (max-width: 385px) 100vw, 385px\" \/> <img loading=\"lazy\" decoding=\"async\" class=\"alignnone wp-image-1601\" src=\"http:\/\/www.jlsvhermosillo.mx\/jlsvh\/wp-content\/uploads\/2023\/03\/CONVOCATORIA-PUBLICA-Y-ABIERTA-N.0012023-2-212x300.jpg\" alt=\"\" width=\"373\" height=\"528\" srcset=\"https:\/\/www.jlsvhermosillo.mx\/jlsvh\/wp-content\/uploads\/2023\/03\/CONVOCATORIA-PUBLICA-Y-ABIERTA-N.0012023-2-212x300.jpg 212w, https:\/\/www.jlsvhermosillo.mx\/jlsvh\/wp-content\/uploads\/2023\/03\/CONVOCATORIA-PUBLICA-Y-ABIERTA-N.0012023-2-724x1024.jpg 724w, https:\/\/www.jlsvhermosillo.mx\/jlsvh\/wp-content\/uploads\/2023\/03\/CONVOCATORIA-PUBLICA-Y-ABIERTA-N.0012023-2-768x1086.jpg 768w, https:\/\/www.jlsvhermosillo.mx\/jlsvh\/wp-content\/uploads\/2023\/03\/CONVOCATORIA-PUBLICA-Y-ABIERTA-N.0012023-2-1087x1536.jpg 1087w, https:\/\/www.jlsvhermosillo.mx\/jlsvh\/wp-content\/uploads\/2023\/03\/CONVOCATORIA-PUBLICA-Y-ABIERTA-N.0012023-2-1080x1527.jpg 1080w, https:\/\/www.jlsvhermosillo.mx\/jlsvh\/wp-content\/uploads\/2023\/03\/CONVOCATORIA-PUBLICA-Y-ABIERTA-N.0012023-2.jpg 1190w\" sizes=\"auto, (max-width: 373px) 100vw, 373px\" \/> <\/span><\/h3>\n<h3 style=\"text-align: center;\"><span style=\"color: #000000;\"><img loading=\"lazy\" decoding=\"async\" class=\"alignnone wp-image-1602\" src=\"http:\/\/www.jlsvhermosillo.mx\/jlsvh\/wp-content\/uploads\/2023\/03\/CONVOCATORIA-PUBLICA-Y-ABIERTA-N.0012023-3-212x300.jpg\" alt=\"\" width=\"366\" height=\"518\" srcset=\"https:\/\/www.jlsvhermosillo.mx\/jlsvh\/wp-content\/uploads\/2023\/03\/CONVOCATORIA-PUBLICA-Y-ABIERTA-N.0012023-3-212x300.jpg 212w, https:\/\/www.jlsvhermosillo.mx\/jlsvh\/wp-content\/uploads\/2023\/03\/CONVOCATORIA-PUBLICA-Y-ABIERTA-N.0012023-3-724x1024.jpg 724w, https:\/\/www.jlsvhermosillo.mx\/jlsvh\/wp-content\/uploads\/2023\/03\/CONVOCATORIA-PUBLICA-Y-ABIERTA-N.0012023-3-768x1086.jpg 768w, https:\/\/www.jlsvhermosillo.mx\/jlsvh\/wp-content\/uploads\/2023\/03\/CONVOCATORIA-PUBLICA-Y-ABIERTA-N.0012023-3-1087x1536.jpg 1087w, https:\/\/www.jlsvhermosillo.mx\/jlsvh\/wp-content\/uploads\/2023\/03\/CONVOCATORIA-PUBLICA-Y-ABIERTA-N.0012023-3-1080x1527.jpg 1080w, https:\/\/www.jlsvhermosillo.mx\/jlsvh\/wp-content\/uploads\/2023\/03\/CONVOCATORIA-PUBLICA-Y-ABIERTA-N.0012023-3.jpg 1190w\" sizes=\"auto, (max-width: 366px) 100vw, 366px\" \/> <img loading=\"lazy\" decoding=\"async\" class=\"alignnone wp-image-1603\" src=\"http:\/\/www.jlsvhermosillo.mx\/jlsvh\/wp-content\/uploads\/2023\/03\/CONVOCATORIA-PUBLICA-Y-ABIERTA-N.0012023-4-212x300.jpg\" alt=\"\" width=\"361\" height=\"511\" srcset=\"https:\/\/www.jlsvhermosillo.mx\/jlsvh\/wp-content\/uploads\/2023\/03\/CONVOCATORIA-PUBLICA-Y-ABIERTA-N.0012023-4-212x300.jpg 212w, https:\/\/www.jlsvhermosillo.mx\/jlsvh\/wp-content\/uploads\/2023\/03\/CONVOCATORIA-PUBLICA-Y-ABIERTA-N.0012023-4-724x1024.jpg 724w, https:\/\/www.jlsvhermosillo.mx\/jlsvh\/wp-content\/uploads\/2023\/03\/CONVOCATORIA-PUBLICA-Y-ABIERTA-N.0012023-4-768x1086.jpg 768w, https:\/\/www.jlsvhermosillo.mx\/jlsvh\/wp-content\/uploads\/2023\/03\/CONVOCATORIA-PUBLICA-Y-ABIERTA-N.0012023-4-1087x1536.jpg 1087w, https:\/\/www.jlsvhermosillo.mx\/jlsvh\/wp-content\/uploads\/2023\/03\/CONVOCATORIA-PUBLICA-Y-ABIERTA-N.0012023-4-1080x1527.jpg 1080w, https:\/\/www.jlsvhermosillo.mx\/jlsvh\/wp-content\/uploads\/2023\/03\/CONVOCATORIA-PUBLICA-Y-ABIERTA-N.0012023-4.jpg 1190w\" sizes=\"auto, (max-width: 361px) 100vw, 361px\" \/><\/span><\/h3>\n<h3 style=\"text-align: center;\"><span style=\"color: #000000;\"><img loading=\"lazy\" decoding=\"async\" class=\"alignnone wp-image-1604\" src=\"http:\/\/www.jlsvhermosillo.mx\/jlsvh\/wp-content\/uploads\/2023\/03\/CONVOCATORIA-PUBLICA-Y-ABIERTA-N.0012023-5-212x300.jpg\" alt=\"\" width=\"379\" height=\"536\" srcset=\"https:\/\/www.jlsvhermosillo.mx\/jlsvh\/wp-content\/uploads\/2023\/03\/CONVOCATORIA-PUBLICA-Y-ABIERTA-N.0012023-5-212x300.jpg 212w, https:\/\/www.jlsvhermosillo.mx\/jlsvh\/wp-content\/uploads\/2023\/03\/CONVOCATORIA-PUBLICA-Y-ABIERTA-N.0012023-5-724x1024.jpg 724w, https:\/\/www.jlsvhermosillo.mx\/jlsvh\/wp-content\/uploads\/2023\/03\/CONVOCATORIA-PUBLICA-Y-ABIERTA-N.0012023-5-768x1086.jpg 768w, https:\/\/www.jlsvhermosillo.mx\/jlsvh\/wp-content\/uploads\/2023\/03\/CONVOCATORIA-PUBLICA-Y-ABIERTA-N.0012023-5-1087x1536.jpg 1087w, https:\/\/www.jlsvhermosillo.mx\/jlsvh\/wp-content\/uploads\/2023\/03\/CONVOCATORIA-PUBLICA-Y-ABIERTA-N.0012023-5-1080x1527.jpg 1080w, https:\/\/www.jlsvhermosillo.mx\/jlsvh\/wp-content\/uploads\/2023\/03\/CONVOCATORIA-PUBLICA-Y-ABIERTA-N.0012023-5.jpg 1190w\" sizes=\"auto, (max-width: 379px) 100vw, 379px\" \/><\/span><\/h3>\n<h3 style=\"text-align: center;\"><span style=\"color: #000000;\">Ubicaci\u00f3n: Blvd. Jes\u00fas Garc\u00eda Morales #342, Col. El Llano<\/span><\/h3>\n<h3 style=\"text-align: center;\"><span style=\"color: #000000;\">Tel\u00e9fonos: 662 260 7046 y 662 260 8246<\/span><\/h3>\n","protected":false},"excerpt":{"rendered":"<p>CONVOCATORIA P\u00daBLICA Y ABIERTA No. 001\/2023 VACANTE: AUXILIAR DE CAMPO\u00a0 Consulta las bases aqu\u00ed \u00a0 Ubicaci\u00f3n: Blvd. Jes\u00fas Garc\u00eda Morales #342, Col. El Llano Tel\u00e9fonos: 662 260 7046 y 662 260 8246<\/p>\n","protected":false},"author":7,"featured_media":1606,"comment_status":"closed","ping_status":"closed","sticky":false,"template":"","format":"gallery","meta":{"footnotes":""},"categories":[5],"tags":[],"class_list":["post-1599","post","type-post","status-publish","format-gallery","has-post-thumbnail","hentry","category-notas","post_format-post-format-gallery"],"_links":{"self":[{"href":"https:\/\/www.jlsvhermosillo.mx\/jlsvh\/wp-json\/wp\/v2\/posts\/1599","targetHints":{"allow":["GET"]}}],"collection":[{"href":"https:\/\/www.jlsvhermosillo.mx\/jlsvh\/wp-json\/wp\/v2\/posts"}],"about":[{"href":"https:\/\/www.jlsvhermosillo.mx\/jlsvh\/wp-json\/wp\/v2\/types\/post"}],"author":[{"embeddable":true,"href":"https:\/\/www.jlsvhermosillo.mx\/jlsvh\/wp-json\/wp\/v2\/users\/7"}],"replies":[{"embeddable":true,"href":"https:\/\/www.jlsvhermosillo.mx\/jlsvh\/wp-json\/wp\/v2\/comments?post=1599"}],"version-history":[{"count":1,"href":"https:\/\/www.jlsvhermosillo.mx\/jlsvh\/wp-json\/wp\/v2\/posts\/1599\/revisions"}],"predecessor-version":[{"id":1605,"href":"https:\/\/www.jlsvhermosillo.mx\/jlsvh\/wp-json\/wp\/v2\/posts\/1599\/revisions\/1605"}],"wp:featuredmedia":[{"embeddable":true,"href":"https:\/\/www.jlsvhermosillo.mx\/jlsvh\/wp-json\/wp\/v2\/media\/1606"}],"wp:attachment":[{"href":"https:\/\/www.jlsvhermosillo.mx\/jlsvh\/wp-json\/wp\/v2\/media?parent=1599"}],"wp:term":[{"taxonomy":"category","embeddable":true,"href":"https:\/\/www.jlsvhermosillo.mx\/jlsvh\/wp-json\/wp\/v2\/categories?post=1599"},{"taxonomy":"post_tag","embeddable":true,"href":"https:\/\/www.jlsvhermosillo.mx\/jlsvh\/wp-json\/wp\/v2\/tags?post=1599"}],"curies":[{"name":"wp","href":"https:\/\/api.w.org\/{rel}","templated":true}]}}