{"id":1607,"date":"2023-03-03T18:41:43","date_gmt":"2023-03-03T18:41:43","guid":{"rendered":"https:\/\/www.jlsvhermosillo.mx\/jlsvh\/?p=1607"},"modified":"2023-03-03T18:49:01","modified_gmt":"2023-03-03T18:49:01","slug":"taller-plagas-reglamentadas-de-los-citricos","status":"publish","type":"post","link":"https:\/\/www.jlsvhermosillo.mx\/jlsvh\/taller-plagas-reglamentadas-de-los-citricos\/","title":{"rendered":"Taller &#8211; Plagas Reglamentadas de los C\u00edtricos"},"content":{"rendered":"<h3 dir=\"auto\" style=\"text-align: center;\"><span style=\"color: #ff6600;\"><strong>Capacitaci\u00f3n\u00a0<\/strong><\/span><\/h3>\n<hr \/>\n<h4 dir=\"auto\" style=\"text-align: center;\"><span style=\"color: #000000;\">El d\u00eda de hoy se realiz\u00f3 la capacitaci\u00f3n al personal t\u00e9cnico de la Campa\u00f1a Contra Plagas Reglamentadas de los C\u00edtricos de la Junta Local de Sanidad Vegetal de Hermosillo, sobre el tema de manejo de HLB en c\u00edtricos y reconocimiento de s\u00edntomas en campo.\u00a0<\/span><\/h4>\n<h4 dir=\"auto\" style=\"text-align: center;\"><\/h4>\n<h4 dir=\"auto\" style=\"text-align: center;\"><span style=\"color: #000000;\">\u201cSanidad Vegetal: Tesoro de la Agricultura\u201d\u00a0<\/span><\/h4>\n<h4 dir=\"auto\" style=\"text-align: center;\"><\/h4>\n<h4 dir=\"auto\" style=\"text-align: center;\"><span style=\"color: #000000;\">#JLSVHermosillo #SanidadVegetal #Agricultura #C\u00edtricos<\/span><\/h4>\n<p><img decoding=\"async\" class=\"alignnone size-full wp-image-1608\" src=\"http:\/\/www.jlsvhermosillo.mx\/jlsvh\/wp-content\/uploads\/2023\/03\/IMG_8052.heic\" alt=\"\" \/><\/p>\n<p><a href=\"http:\/\/www.jlsvhermosillo.mx\/jlsvh\/wp-content\/uploads\/2023\/03\/IMG_8052.heic\"><img decoding=\"async\" class=\"alignnone size-full wp-image-1608\" src=\"http:\/\/www.jlsvhermosillo.mx\/jlsvh\/wp-content\/uploads\/2023\/03\/IMG_8052.heic\" alt=\"\" \/><\/a> <img decoding=\"async\" class=\"alignnone size-full wp-image-1609\" src=\"http:\/\/www.jlsvhermosillo.mx\/jlsvh\/wp-content\/uploads\/2023\/03\/IMG_8064.heic\" alt=\"\" \/> \u00a0\u00a0 <img loading=\"lazy\" decoding=\"async\" class=\"wp-image-1612 aligncenter\" src=\"http:\/\/www.jlsvhermosillo.mx\/jlsvh\/wp-content\/uploads\/2023\/03\/2-300x202.png\" alt=\"\" width=\"526\" height=\"354\" srcset=\"https:\/\/www.jlsvhermosillo.mx\/jlsvh\/wp-content\/uploads\/2023\/03\/2-300x202.png 300w, https:\/\/www.jlsvhermosillo.mx\/jlsvh\/wp-content\/uploads\/2023\/03\/2-768x517.png 768w, https:\/\/www.jlsvhermosillo.mx\/jlsvh\/wp-content\/uploads\/2023\/03\/2.png 869w\" sizes=\"auto, (max-width: 526px) 100vw, 526px\" \/>\u00a0 \u00a0 \u00a0 \u00a0 \u00a0 \u00a0 <img loading=\"lazy\" decoding=\"async\" class=\"wp-image-1611 aligncenter\" src=\"http:\/\/www.jlsvhermosillo.mx\/jlsvh\/wp-content\/uploads\/2023\/03\/1-300x196.png\" alt=\"\" width=\"527\" height=\"344\" srcset=\"https:\/\/www.jlsvhermosillo.mx\/jlsvh\/wp-content\/uploads\/2023\/03\/1-300x196.png 300w, https:\/\/www.jlsvhermosillo.mx\/jlsvh\/wp-content\/uploads\/2023\/03\/1-768x502.png 768w, https:\/\/www.jlsvhermosillo.mx\/jlsvh\/wp-content\/uploads\/2023\/03\/1.png 882w\" sizes=\"auto, (max-width: 527px) 100vw, 527px\" \/><\/p>\n<p><img loading=\"lazy\" decoding=\"async\" class=\"wp-image-1613 aligncenter\" src=\"http:\/\/www.jlsvhermosillo.mx\/jlsvh\/wp-content\/uploads\/2023\/03\/3-300x226.png\" alt=\"\" width=\"527\" height=\"397\" srcset=\"https:\/\/www.jlsvhermosillo.mx\/jlsvh\/wp-content\/uploads\/2023\/03\/3-300x226.png 300w, https:\/\/www.jlsvhermosillo.mx\/jlsvh\/wp-content\/uploads\/2023\/03\/3-768x580.png 768w, https:\/\/www.jlsvhermosillo.mx\/jlsvh\/wp-content\/uploads\/2023\/03\/3.png 865w\" sizes=\"auto, (max-width: 527px) 100vw, 527px\" \/><img decoding=\"async\" class=\"alignnone size-full wp-image-1610\" src=\"http:\/\/www.jlsvhermosillo.mx\/jlsvh\/wp-content\/uploads\/2023\/03\/IMG_8069.heic\" alt=\"\" \/><\/p>\n","protected":false},"excerpt":{"rendered":"<p>Capacitaci\u00f3n\u00a0 El d\u00eda de hoy se realiz\u00f3 la capacitaci\u00f3n al personal t\u00e9cnico de la Campa\u00f1a Contra Plagas Reglamentadas de los C\u00edtricos de la Junta Local de Sanidad Vegetal de Hermosillo, sobre el tema de manejo de HLB en c\u00edtricos y reconocimiento de s\u00edntomas en campo.\u00a0 \u201cSanidad Vegetal: Tesoro de la Agricultura\u201d\u00a0 #JLSVHermosillo #SanidadVegetal #Agricultura #C\u00edtricos [&hellip;]<\/p>\n","protected":false},"author":7,"featured_media":1612,"comment_status":"closed","ping_status":"closed","sticky":false,"template":"","format":"standard","meta":{"footnotes":""},"categories":[5],"tags":[],"class_list":["post-1607","post","type-post","status-publish","format-standard","has-post-thumbnail","hentry","category-notas"],"_links":{"self":[{"href":"https:\/\/www.jlsvhermosillo.mx\/jlsvh\/wp-json\/wp\/v2\/posts\/1607","targetHints":{"allow":["GET"]}}],"collection":[{"href":"https:\/\/www.jlsvhermosillo.mx\/jlsvh\/wp-json\/wp\/v2\/posts"}],"about":[{"href":"https:\/\/www.jlsvhermosillo.mx\/jlsvh\/wp-json\/wp\/v2\/types\/post"}],"author":[{"embeddable":true,"href":"https:\/\/www.jlsvhermosillo.mx\/jlsvh\/wp-json\/wp\/v2\/users\/7"}],"replies":[{"embeddable":true,"href":"https:\/\/www.jlsvhermosillo.mx\/jlsvh\/wp-json\/wp\/v2\/comments?post=1607"}],"version-history":[{"count":4,"href":"https:\/\/www.jlsvhermosillo.mx\/jlsvh\/wp-json\/wp\/v2\/posts\/1607\/revisions"}],"predecessor-version":[{"id":1617,"href":"https:\/\/www.jlsvhermosillo.mx\/jlsvh\/wp-json\/wp\/v2\/posts\/1607\/revisions\/1617"}],"wp:featuredmedia":[{"embeddable":true,"href":"https:\/\/www.jlsvhermosillo.mx\/jlsvh\/wp-json\/wp\/v2\/media\/1612"}],"wp:attachment":[{"href":"https:\/\/www.jlsvhermosillo.mx\/jlsvh\/wp-json\/wp\/v2\/media?parent=1607"}],"wp:term":[{"taxonomy":"category","embeddable":true,"href":"https:\/\/www.jlsvhermosillo.mx\/jlsvh\/wp-json\/wp\/v2\/categories?post=1607"},{"taxonomy":"post_tag","embeddable":true,"href":"https:\/\/www.jlsvhermosillo.mx\/jlsvh\/wp-json\/wp\/v2\/tags?post=1607"}],"curies":[{"name":"wp","href":"https:\/\/api.w.org\/{rel}","templated":true}]}}