{"id":1733,"date":"2023-06-01T19:34:23","date_gmt":"2023-06-01T19:34:23","guid":{"rendered":"https:\/\/www.jlsvhermosillo.mx\/jlsvh\/?p=1733"},"modified":"2023-06-01T19:45:10","modified_gmt":"2023-06-01T19:45:10","slug":"tenemos-una-oportunidad-para-ti-5","status":"publish","type":"post","link":"https:\/\/www.jlsvhermosillo.mx\/jlsvh\/tenemos-una-oportunidad-para-ti-5\/","title":{"rendered":"\u00a1Tenemos una Oportunidad para ti!"},"content":{"rendered":"<h3 style=\"text-align: center;\"><span style=\"color: #008000;\"><strong>CONVOCATORIA\u00a0 P\u00daBLICA Y ABIERTA No. 003\/2023<\/strong><\/span><\/h3>\n<hr \/>\n<h3 style=\"text-align: center;\"><span style=\"color: #000000;\"><strong>VACANTE: AUXILIAR DE CAMPO<\/strong><\/span><\/h3>\n<h3 style=\"text-align: center;\">Consulta las bases aqu\u00ed<\/h3>\n<p>&nbsp;<\/p>\n<p>&nbsp;<\/p>\n<p><img loading=\"lazy\" decoding=\"async\" class=\"alignnone wp-image-1734 size-full\" src=\"http:\/\/www.jlsvhermosillo.mx\/jlsvh\/wp-content\/uploads\/2023\/06\/CONVOCATORIA-003-SERV-FITO-CAMPANA-CONTRA-PLAGAS-REGALAMENTADAS-DE-LOS-CITRICOS-1.jpg\" alt=\"\" width=\"1190\" height=\"1682\" srcset=\"https:\/\/www.jlsvhermosillo.mx\/jlsvh\/wp-content\/uploads\/2023\/06\/CONVOCATORIA-003-SERV-FITO-CAMPANA-CONTRA-PLAGAS-REGALAMENTADAS-DE-LOS-CITRICOS-1.jpg 1190w, https:\/\/www.jlsvhermosillo.mx\/jlsvh\/wp-content\/uploads\/2023\/06\/CONVOCATORIA-003-SERV-FITO-CAMPANA-CONTRA-PLAGAS-REGALAMENTADAS-DE-LOS-CITRICOS-1-212x300.jpg 212w, https:\/\/www.jlsvhermosillo.mx\/jlsvh\/wp-content\/uploads\/2023\/06\/CONVOCATORIA-003-SERV-FITO-CAMPANA-CONTRA-PLAGAS-REGALAMENTADAS-DE-LOS-CITRICOS-1-724x1024.jpg 724w, https:\/\/www.jlsvhermosillo.mx\/jlsvh\/wp-content\/uploads\/2023\/06\/CONVOCATORIA-003-SERV-FITO-CAMPANA-CONTRA-PLAGAS-REGALAMENTADAS-DE-LOS-CITRICOS-1-768x1086.jpg 768w, https:\/\/www.jlsvhermosillo.mx\/jlsvh\/wp-content\/uploads\/2023\/06\/CONVOCATORIA-003-SERV-FITO-CAMPANA-CONTRA-PLAGAS-REGALAMENTADAS-DE-LOS-CITRICOS-1-1087x1536.jpg 1087w, https:\/\/www.jlsvhermosillo.mx\/jlsvh\/wp-content\/uploads\/2023\/06\/CONVOCATORIA-003-SERV-FITO-CAMPANA-CONTRA-PLAGAS-REGALAMENTADAS-DE-LOS-CITRICOS-1-1080x1527.jpg 1080w\" sizes=\"auto, (max-width: 1190px) 100vw, 1190px\" \/> <img loading=\"lazy\" decoding=\"async\" class=\"alignnone wp-image-1735 size-full\" src=\"http:\/\/www.jlsvhermosillo.mx\/jlsvh\/wp-content\/uploads\/2023\/06\/CONVOCATORIA-003-SERV-FITO-CAMPANA-CONTRA-PLAGAS-REGALAMENTADAS-DE-LOS-CITRICOS-2.jpg\" alt=\"\" width=\"1190\" height=\"1682\" srcset=\"https:\/\/www.jlsvhermosillo.mx\/jlsvh\/wp-content\/uploads\/2023\/06\/CONVOCATORIA-003-SERV-FITO-CAMPANA-CONTRA-PLAGAS-REGALAMENTADAS-DE-LOS-CITRICOS-2.jpg 1190w, https:\/\/www.jlsvhermosillo.mx\/jlsvh\/wp-content\/uploads\/2023\/06\/CONVOCATORIA-003-SERV-FITO-CAMPANA-CONTRA-PLAGAS-REGALAMENTADAS-DE-LOS-CITRICOS-2-212x300.jpg 212w, https:\/\/www.jlsvhermosillo.mx\/jlsvh\/wp-content\/uploads\/2023\/06\/CONVOCATORIA-003-SERV-FITO-CAMPANA-CONTRA-PLAGAS-REGALAMENTADAS-DE-LOS-CITRICOS-2-724x1024.jpg 724w, https:\/\/www.jlsvhermosillo.mx\/jlsvh\/wp-content\/uploads\/2023\/06\/CONVOCATORIA-003-SERV-FITO-CAMPANA-CONTRA-PLAGAS-REGALAMENTADAS-DE-LOS-CITRICOS-2-768x1086.jpg 768w, https:\/\/www.jlsvhermosillo.mx\/jlsvh\/wp-content\/uploads\/2023\/06\/CONVOCATORIA-003-SERV-FITO-CAMPANA-CONTRA-PLAGAS-REGALAMENTADAS-DE-LOS-CITRICOS-2-1087x1536.jpg 1087w, https:\/\/www.jlsvhermosillo.mx\/jlsvh\/wp-content\/uploads\/2023\/06\/CONVOCATORIA-003-SERV-FITO-CAMPANA-CONTRA-PLAGAS-REGALAMENTADAS-DE-LOS-CITRICOS-2-1080x1527.jpg 1080w\" sizes=\"auto, (max-width: 1190px) 100vw, 1190px\" \/> <img loading=\"lazy\" decoding=\"async\" class=\"alignnone wp-image-1736 size-full\" src=\"http:\/\/www.jlsvhermosillo.mx\/jlsvh\/wp-content\/uploads\/2023\/06\/CONVOCATORIA-003-SERV-FITO-CAMPANA-CONTRA-PLAGAS-REGALAMENTADAS-DE-LOS-CITRICOS-3.jpg\" alt=\"\" width=\"1190\" height=\"1682\" srcset=\"https:\/\/www.jlsvhermosillo.mx\/jlsvh\/wp-content\/uploads\/2023\/06\/CONVOCATORIA-003-SERV-FITO-CAMPANA-CONTRA-PLAGAS-REGALAMENTADAS-DE-LOS-CITRICOS-3.jpg 1190w, https:\/\/www.jlsvhermosillo.mx\/jlsvh\/wp-content\/uploads\/2023\/06\/CONVOCATORIA-003-SERV-FITO-CAMPANA-CONTRA-PLAGAS-REGALAMENTADAS-DE-LOS-CITRICOS-3-212x300.jpg 212w, https:\/\/www.jlsvhermosillo.mx\/jlsvh\/wp-content\/uploads\/2023\/06\/CONVOCATORIA-003-SERV-FITO-CAMPANA-CONTRA-PLAGAS-REGALAMENTADAS-DE-LOS-CITRICOS-3-724x1024.jpg 724w, https:\/\/www.jlsvhermosillo.mx\/jlsvh\/wp-content\/uploads\/2023\/06\/CONVOCATORIA-003-SERV-FITO-CAMPANA-CONTRA-PLAGAS-REGALAMENTADAS-DE-LOS-CITRICOS-3-768x1086.jpg 768w, https:\/\/www.jlsvhermosillo.mx\/jlsvh\/wp-content\/uploads\/2023\/06\/CONVOCATORIA-003-SERV-FITO-CAMPANA-CONTRA-PLAGAS-REGALAMENTADAS-DE-LOS-CITRICOS-3-1087x1536.jpg 1087w, https:\/\/www.jlsvhermosillo.mx\/jlsvh\/wp-content\/uploads\/2023\/06\/CONVOCATORIA-003-SERV-FITO-CAMPANA-CONTRA-PLAGAS-REGALAMENTADAS-DE-LOS-CITRICOS-3-1080x1527.jpg 1080w\" sizes=\"auto, (max-width: 1190px) 100vw, 1190px\" \/> <img loading=\"lazy\" decoding=\"async\" class=\"alignnone wp-image-1737 size-full\" src=\"http:\/\/www.jlsvhermosillo.mx\/jlsvh\/wp-content\/uploads\/2023\/06\/CONVOCATORIA-003-SERV-FITO-CAMPANA-CONTRA-PLAGAS-REGALAMENTADAS-DE-LOS-CITRICOS-4.jpg\" alt=\"\" width=\"1190\" height=\"1682\" srcset=\"https:\/\/www.jlsvhermosillo.mx\/jlsvh\/wp-content\/uploads\/2023\/06\/CONVOCATORIA-003-SERV-FITO-CAMPANA-CONTRA-PLAGAS-REGALAMENTADAS-DE-LOS-CITRICOS-4.jpg 1190w, https:\/\/www.jlsvhermosillo.mx\/jlsvh\/wp-content\/uploads\/2023\/06\/CONVOCATORIA-003-SERV-FITO-CAMPANA-CONTRA-PLAGAS-REGALAMENTADAS-DE-LOS-CITRICOS-4-212x300.jpg 212w, https:\/\/www.jlsvhermosillo.mx\/jlsvh\/wp-content\/uploads\/2023\/06\/CONVOCATORIA-003-SERV-FITO-CAMPANA-CONTRA-PLAGAS-REGALAMENTADAS-DE-LOS-CITRICOS-4-724x1024.jpg 724w, https:\/\/www.jlsvhermosillo.mx\/jlsvh\/wp-content\/uploads\/2023\/06\/CONVOCATORIA-003-SERV-FITO-CAMPANA-CONTRA-PLAGAS-REGALAMENTADAS-DE-LOS-CITRICOS-4-768x1086.jpg 768w, https:\/\/www.jlsvhermosillo.mx\/jlsvh\/wp-content\/uploads\/2023\/06\/CONVOCATORIA-003-SERV-FITO-CAMPANA-CONTRA-PLAGAS-REGALAMENTADAS-DE-LOS-CITRICOS-4-1087x1536.jpg 1087w, https:\/\/www.jlsvhermosillo.mx\/jlsvh\/wp-content\/uploads\/2023\/06\/CONVOCATORIA-003-SERV-FITO-CAMPANA-CONTRA-PLAGAS-REGALAMENTADAS-DE-LOS-CITRICOS-4-1080x1527.jpg 1080w\" sizes=\"auto, (max-width: 1190px) 100vw, 1190px\" \/> <img loading=\"lazy\" decoding=\"async\" class=\"aligncenter wp-image-1738 size-full\" src=\"http:\/\/www.jlsvhermosillo.mx\/jlsvh\/wp-content\/uploads\/2023\/06\/CONVOCATORIA-003-SERV-FITO-CAMPANA-CONTRA-PLAGAS-REGALAMENTADAS-DE-LOS-CITRICOS-5.jpg\" alt=\"\" width=\"1190\" height=\"1682\" srcset=\"https:\/\/www.jlsvhermosillo.mx\/jlsvh\/wp-content\/uploads\/2023\/06\/CONVOCATORIA-003-SERV-FITO-CAMPANA-CONTRA-PLAGAS-REGALAMENTADAS-DE-LOS-CITRICOS-5.jpg 1190w, https:\/\/www.jlsvhermosillo.mx\/jlsvh\/wp-content\/uploads\/2023\/06\/CONVOCATORIA-003-SERV-FITO-CAMPANA-CONTRA-PLAGAS-REGALAMENTADAS-DE-LOS-CITRICOS-5-212x300.jpg 212w, https:\/\/www.jlsvhermosillo.mx\/jlsvh\/wp-content\/uploads\/2023\/06\/CONVOCATORIA-003-SERV-FITO-CAMPANA-CONTRA-PLAGAS-REGALAMENTADAS-DE-LOS-CITRICOS-5-724x1024.jpg 724w, https:\/\/www.jlsvhermosillo.mx\/jlsvh\/wp-content\/uploads\/2023\/06\/CONVOCATORIA-003-SERV-FITO-CAMPANA-CONTRA-PLAGAS-REGALAMENTADAS-DE-LOS-CITRICOS-5-768x1086.jpg 768w, https:\/\/www.jlsvhermosillo.mx\/jlsvh\/wp-content\/uploads\/2023\/06\/CONVOCATORIA-003-SERV-FITO-CAMPANA-CONTRA-PLAGAS-REGALAMENTADAS-DE-LOS-CITRICOS-5-1087x1536.jpg 1087w, https:\/\/www.jlsvhermosillo.mx\/jlsvh\/wp-content\/uploads\/2023\/06\/CONVOCATORIA-003-SERV-FITO-CAMPANA-CONTRA-PLAGAS-REGALAMENTADAS-DE-LOS-CITRICOS-5-1080x1527.jpg 1080w\" sizes=\"auto, (max-width: 1190px) 100vw, 1190px\" \/><\/p>\n<h3 style=\"text-align: center;\">Ubicaci\u00f3n: Blvd. Jes\u00fas Garc\u00eda Morales #342, Col. El Llano<\/h3>\n<h3 style=\"text-align: center;\">Tel\u00e9fonos: 662 260 7046 y 662 260 8246<\/h3>\n","protected":false},"excerpt":{"rendered":"<p>CONVOCATORIA\u00a0 P\u00daBLICA Y ABIERTA No. 003\/2023 VACANTE: AUXILIAR DE CAMPO Consulta las bases aqu\u00ed &nbsp; &nbsp; Ubicaci\u00f3n: Blvd. Jes\u00fas Garc\u00eda Morales #342, Col. El Llano Tel\u00e9fonos: 662 260 7046 y 662 260 8246<\/p>\n","protected":false},"author":7,"featured_media":1606,"comment_status":"closed","ping_status":"closed","sticky":false,"template":"","format":"standard","meta":{"footnotes":""},"categories":[5],"tags":[],"class_list":["post-1733","post","type-post","status-publish","format-standard","has-post-thumbnail","hentry","category-notas"],"_links":{"self":[{"href":"https:\/\/www.jlsvhermosillo.mx\/jlsvh\/wp-json\/wp\/v2\/posts\/1733","targetHints":{"allow":["GET"]}}],"collection":[{"href":"https:\/\/www.jlsvhermosillo.mx\/jlsvh\/wp-json\/wp\/v2\/posts"}],"about":[{"href":"https:\/\/www.jlsvhermosillo.mx\/jlsvh\/wp-json\/wp\/v2\/types\/post"}],"author":[{"embeddable":true,"href":"https:\/\/www.jlsvhermosillo.mx\/jlsvh\/wp-json\/wp\/v2\/users\/7"}],"replies":[{"embeddable":true,"href":"https:\/\/www.jlsvhermosillo.mx\/jlsvh\/wp-json\/wp\/v2\/comments?post=1733"}],"version-history":[{"count":2,"href":"https:\/\/www.jlsvhermosillo.mx\/jlsvh\/wp-json\/wp\/v2\/posts\/1733\/revisions"}],"predecessor-version":[{"id":1742,"href":"https:\/\/www.jlsvhermosillo.mx\/jlsvh\/wp-json\/wp\/v2\/posts\/1733\/revisions\/1742"}],"wp:featuredmedia":[{"embeddable":true,"href":"https:\/\/www.jlsvhermosillo.mx\/jlsvh\/wp-json\/wp\/v2\/media\/1606"}],"wp:attachment":[{"href":"https:\/\/www.jlsvhermosillo.mx\/jlsvh\/wp-json\/wp\/v2\/media?parent=1733"}],"wp:term":[{"taxonomy":"category","embeddable":true,"href":"https:\/\/www.jlsvhermosillo.mx\/jlsvh\/wp-json\/wp\/v2\/categories?post=1733"},{"taxonomy":"post_tag","embeddable":true,"href":"https:\/\/www.jlsvhermosillo.mx\/jlsvh\/wp-json\/wp\/v2\/tags?post=1733"}],"curies":[{"name":"wp","href":"https:\/\/api.w.org\/{rel}","templated":true}]}}