{"id":1754,"date":"2023-06-26T17:17:18","date_gmt":"2023-06-26T17:17:18","guid":{"rendered":"https:\/\/www.jlsvhermosillo.mx\/jlsvh\/?p=1754"},"modified":"2023-06-28T16:14:41","modified_gmt":"2023-06-28T16:14:41","slug":"capacitacion-al-personal-operativo-de-los-organismos-auxiliares-de-sanidad-vegetal-de-sonora","status":"publish","type":"post","link":"https:\/\/www.jlsvhermosillo.mx\/jlsvh\/capacitacion-al-personal-operativo-de-los-organismos-auxiliares-de-sanidad-vegetal-de-sonora\/","title":{"rendered":"Capacitaci\u00f3n &#8211; Al personal operativo de los Organismos Auxiliares de Sanidad Vegetal de Sonora"},"content":{"rendered":"<h3 style=\"text-align: center;\"><span style=\"color: #008000;\"><strong>Capacitaci\u00f3n<\/strong><\/span><\/h3>\n<hr \/>\n<h4><span style=\"color: #000000;\">Participaci\u00f3n por parte del personal t\u00e9cnico de la Junta Local de Sanidad Vegetal de Hermosillo, en la Capacitaci\u00f3n <\/span><span style=\"color: #000000;\">&#8220;Identificaci\u00f3n y manejo de las principales plagas bajo campa\u00f1as fitosanitarias&#8221;, <\/span><span style=\"color: #000000;\">donde se trataron temas de identificaci\u00f3n, manejo y control de diferentes plagas en cultivos agr\u00edcolas.<\/span><\/h4>\n<h4><span style=\"color: #000000;\">Dicha capacitaci\u00f3n se llev\u00f3 a cabo en las instalaciones de la Junta Local de Sanidad Vegetal \u2013 Valle del Yaqui, Ciudad Obreg\u00f3n, Sonora; Se imparti\u00f3 al personal operativo de los Organismos Auxiliares de Sanidad Vegetal de Sonora.\u00a0<\/span><\/h4>\n<h4 style=\"text-align: center;\"><\/h4>\n<h4 style=\"text-align: center;\"><img loading=\"lazy\" decoding=\"async\" class=\"alignnone size-medium wp-image-1759\" style=\"color: #000000;\" src=\"http:\/\/www.jlsvhermosillo.mx\/jlsvh\/wp-content\/uploads\/2023\/06\/IMG_9370-300x225.jpg\" alt=\"\" width=\"300\" height=\"225\" srcset=\"https:\/\/www.jlsvhermosillo.mx\/jlsvh\/wp-content\/uploads\/2023\/06\/IMG_9370-300x225.jpg 300w, https:\/\/www.jlsvhermosillo.mx\/jlsvh\/wp-content\/uploads\/2023\/06\/IMG_9370-510x382.jpg 510w, https:\/\/www.jlsvhermosillo.mx\/jlsvh\/wp-content\/uploads\/2023\/06\/IMG_9370.jpg 768w\" sizes=\"auto, (max-width: 300px) 100vw, 300px\" \/><img loading=\"lazy\" decoding=\"async\" class=\"alignnone size-medium wp-image-1758\" style=\"color: #000000;\" src=\"http:\/\/www.jlsvhermosillo.mx\/jlsvh\/wp-content\/uploads\/2023\/06\/IMG_9371-300x225.jpg\" alt=\"\" width=\"300\" height=\"225\" srcset=\"https:\/\/www.jlsvhermosillo.mx\/jlsvh\/wp-content\/uploads\/2023\/06\/IMG_9371-300x225.jpg 300w, https:\/\/www.jlsvhermosillo.mx\/jlsvh\/wp-content\/uploads\/2023\/06\/IMG_9371-510x382.jpg 510w, https:\/\/www.jlsvhermosillo.mx\/jlsvh\/wp-content\/uploads\/2023\/06\/IMG_9371.jpg 768w\" sizes=\"auto, (max-width: 300px) 100vw, 300px\" \/><img loading=\"lazy\" decoding=\"async\" class=\"alignnone size-medium wp-image-1757\" style=\"color: #000000;\" src=\"http:\/\/www.jlsvhermosillo.mx\/jlsvh\/wp-content\/uploads\/2023\/06\/IMG_9372-300x225.jpg\" alt=\"\" width=\"300\" height=\"225\" srcset=\"https:\/\/www.jlsvhermosillo.mx\/jlsvh\/wp-content\/uploads\/2023\/06\/IMG_9372-300x225.jpg 300w, https:\/\/www.jlsvhermosillo.mx\/jlsvh\/wp-content\/uploads\/2023\/06\/IMG_9372-510x382.jpg 510w, https:\/\/www.jlsvhermosillo.mx\/jlsvh\/wp-content\/uploads\/2023\/06\/IMG_9372.jpg 768w\" sizes=\"auto, (max-width: 300px) 100vw, 300px\" \/><img loading=\"lazy\" decoding=\"async\" class=\"alignnone wp-image-1756\" style=\"color: #000000;\" src=\"http:\/\/www.jlsvhermosillo.mx\/jlsvh\/wp-content\/uploads\/2023\/06\/IMG_9374-300x226.jpg\" alt=\"\" width=\"292\" height=\"220\" srcset=\"https:\/\/www.jlsvhermosillo.mx\/jlsvh\/wp-content\/uploads\/2023\/06\/IMG_9374-300x226.jpg 300w, https:\/\/www.jlsvhermosillo.mx\/jlsvh\/wp-content\/uploads\/2023\/06\/IMG_9374-768x579.jpg 768w, https:\/\/www.jlsvhermosillo.mx\/jlsvh\/wp-content\/uploads\/2023\/06\/IMG_9374-510x382.jpg 510w, https:\/\/www.jlsvhermosillo.mx\/jlsvh\/wp-content\/uploads\/2023\/06\/IMG_9374.jpg 771w\" sizes=\"auto, (max-width: 292px) 100vw, 292px\" \/><img loading=\"lazy\" decoding=\"async\" class=\"alignnone size-medium wp-image-1755\" style=\"color: #000000;\" src=\"http:\/\/www.jlsvhermosillo.mx\/jlsvh\/wp-content\/uploads\/2023\/06\/IMG_9375-300x225.jpeg\" alt=\"\" width=\"300\" height=\"225\" srcset=\"https:\/\/www.jlsvhermosillo.mx\/jlsvh\/wp-content\/uploads\/2023\/06\/IMG_9375-300x225.jpeg 300w, https:\/\/www.jlsvhermosillo.mx\/jlsvh\/wp-content\/uploads\/2023\/06\/IMG_9375-510x382.jpeg 510w, https:\/\/www.jlsvhermosillo.mx\/jlsvh\/wp-content\/uploads\/2023\/06\/IMG_9375.jpeg 768w\" sizes=\"auto, (max-width: 300px) 100vw, 300px\" \/><span style=\"color: #000000;\">\u00a0<\/span><span style=\"color: #000000;\">\u00a0<\/span><span style=\"color: #000000;\">\u00a0<\/span><img loading=\"lazy\" decoding=\"async\" class=\"alignnone size-medium wp-image-1760\" style=\"color: #000000;\" src=\"http:\/\/www.jlsvhermosillo.mx\/jlsvh\/wp-content\/uploads\/2023\/06\/IMG_9373-300x225.jpg\" alt=\"\" width=\"300\" height=\"225\" srcset=\"https:\/\/www.jlsvhermosillo.mx\/jlsvh\/wp-content\/uploads\/2023\/06\/IMG_9373-300x225.jpg 300w, https:\/\/www.jlsvhermosillo.mx\/jlsvh\/wp-content\/uploads\/2023\/06\/IMG_9373-510x382.jpg 510w, https:\/\/www.jlsvhermosillo.mx\/jlsvh\/wp-content\/uploads\/2023\/06\/IMG_9373.jpg 768w\" sizes=\"auto, (max-width: 300px) 100vw, 300px\" \/><\/h4>\n<p style=\"text-align: center;\">\n","protected":false},"excerpt":{"rendered":"<p>Capacitaci\u00f3n Participaci\u00f3n por parte del personal t\u00e9cnico de la Junta Local de Sanidad Vegetal de Hermosillo, en la Capacitaci\u00f3n &#8220;Identificaci\u00f3n y manejo de las principales plagas bajo campa\u00f1as fitosanitarias&#8221;, donde se trataron temas de identificaci\u00f3n, manejo y control de diferentes plagas en cultivos agr\u00edcolas. Dicha capacitaci\u00f3n se llev\u00f3 a cabo en las instalaciones de la [&hellip;]<\/p>\n","protected":false},"author":7,"featured_media":1758,"comment_status":"closed","ping_status":"closed","sticky":false,"template":"","format":"standard","meta":{"footnotes":""},"categories":[5],"tags":[],"class_list":["post-1754","post","type-post","status-publish","format-standard","has-post-thumbnail","hentry","category-notas"],"_links":{"self":[{"href":"https:\/\/www.jlsvhermosillo.mx\/jlsvh\/wp-json\/wp\/v2\/posts\/1754","targetHints":{"allow":["GET"]}}],"collection":[{"href":"https:\/\/www.jlsvhermosillo.mx\/jlsvh\/wp-json\/wp\/v2\/posts"}],"about":[{"href":"https:\/\/www.jlsvhermosillo.mx\/jlsvh\/wp-json\/wp\/v2\/types\/post"}],"author":[{"embeddable":true,"href":"https:\/\/www.jlsvhermosillo.mx\/jlsvh\/wp-json\/wp\/v2\/users\/7"}],"replies":[{"embeddable":true,"href":"https:\/\/www.jlsvhermosillo.mx\/jlsvh\/wp-json\/wp\/v2\/comments?post=1754"}],"version-history":[{"count":4,"href":"https:\/\/www.jlsvhermosillo.mx\/jlsvh\/wp-json\/wp\/v2\/posts\/1754\/revisions"}],"predecessor-version":[{"id":1764,"href":"https:\/\/www.jlsvhermosillo.mx\/jlsvh\/wp-json\/wp\/v2\/posts\/1754\/revisions\/1764"}],"wp:featuredmedia":[{"embeddable":true,"href":"https:\/\/www.jlsvhermosillo.mx\/jlsvh\/wp-json\/wp\/v2\/media\/1758"}],"wp:attachment":[{"href":"https:\/\/www.jlsvhermosillo.mx\/jlsvh\/wp-json\/wp\/v2\/media?parent=1754"}],"wp:term":[{"taxonomy":"category","embeddable":true,"href":"https:\/\/www.jlsvhermosillo.mx\/jlsvh\/wp-json\/wp\/v2\/categories?post=1754"},{"taxonomy":"post_tag","embeddable":true,"href":"https:\/\/www.jlsvhermosillo.mx\/jlsvh\/wp-json\/wp\/v2\/tags?post=1754"}],"curies":[{"name":"wp","href":"https:\/\/api.w.org\/{rel}","templated":true}]}}