{"id":1783,"date":"2023-08-25T19:26:34","date_gmt":"2023-08-25T19:26:34","guid":{"rendered":"https:\/\/www.jlsvhermosillo.mx\/jlsvh\/?p=1783"},"modified":"2023-08-25T19:35:02","modified_gmt":"2023-08-25T19:35:02","slug":"evento-xxiv-simposio-internacional-de-nogal-pecanero-2023","status":"publish","type":"post","link":"https:\/\/www.jlsvhermosillo.mx\/jlsvh\/evento-xxiv-simposio-internacional-de-nogal-pecanero-2023\/","title":{"rendered":"Evento &#8211; &#8221; XXIV Simposio Internacional de Nogal Pecanero 2023&#8243;"},"content":{"rendered":"<h3 style=\"text-align: center;\"><span style=\"color: #008000;\"><strong>\u00a1No te lo pierdas!<\/strong><\/span><\/h3>\n<hr \/>\n<h4><span style=\"color: #000000;\">La Junta Local de Sanidad Vegetal de Hermosillo, le hace una atenta invitaci\u00f3n al XXIV Simposio Internacional de Nogal Pecanero 2023, el cual se llevar\u00e1 a cabo los d\u00edas 14 y 15 de septiembre del a\u00f1o en curso, en la ciudad de Hermosillo, Sonora, M\u00e9xico. Este es un evento organizado por INIFAP &#8211; Campo Experimental Costa de Hermosillo.\u00a0<\/span><\/h4>\n<h4><span style=\"color: #000000;\">Este a\u00f1o los temas centrales de las conferencias son:\u00a0<\/span><\/h4>\n<ul>\n<li>\n<h4><span style=\"color: #000000;\">Fitosanidad<\/span><\/h4>\n<\/li>\n<li>\n<h4><span style=\"color: #000000;\">Comercializaci\u00f3n<\/span><\/h4>\n<\/li>\n<li>\n<h4><span style=\"color: #000000;\">Aplicaciones Foliares<\/span><\/h4>\n<\/li>\n<li>\n<h4><span style=\"color: #000000;\">Costos de Producci\u00f3n<\/span><\/h4>\n<\/li>\n<li>\n<h4><span style=\"color: #000000;\">Promotores de brotaci\u00f3n.\u00a0<\/span><\/h4>\n<\/li>\n<\/ul>\n<h5 style=\"text-align: center;\"><span style=\"color: #000000;\">INFORMES:\u00a0<\/span><\/h5>\n<h5 style=\"text-align: center;\"><span style=\"color: #000000;\">Campo Experimental Costa de Hermosillo<\/span><\/h5>\n<h5 style=\"text-align: center;\"><span style=\"color: #000000;\">Cel. (662) 362 &#8211; 6368<\/span><\/h5>\n<h5 style=\"text-align: center;\"><span style=\"color: #000000;\">Correo: simposiodenogal@gmail.com<\/span><\/h5>\n<h5 style=\"text-align: center;\"><strong><span style=\"color: #000000;\">\u00a0\u00a1Da click en la imagen para m\u00e1s informaci\u00f3n!<\/span><\/strong><\/h5>\n<h5 style=\"text-align: center;\"><a href=\"https:\/\/simposionogal.mx\/\"><img loading=\"lazy\" decoding=\"async\" class=\" wp-image-1784 aligncenter\" src=\"http:\/\/www.jlsvhermosillo.mx\/jlsvh\/wp-content\/uploads\/2023\/08\/SIMPOSIO-NOGAL-2023-231x300.jpeg\" alt=\"\" width=\"542\" height=\"704\" srcset=\"https:\/\/www.jlsvhermosillo.mx\/jlsvh\/wp-content\/uploads\/2023\/08\/SIMPOSIO-NOGAL-2023-231x300.jpeg 231w, https:\/\/www.jlsvhermosillo.mx\/jlsvh\/wp-content\/uploads\/2023\/08\/SIMPOSIO-NOGAL-2023-787x1024.jpeg 787w, https:\/\/www.jlsvhermosillo.mx\/jlsvh\/wp-content\/uploads\/2023\/08\/SIMPOSIO-NOGAL-2023-768x999.jpeg 768w, https:\/\/www.jlsvhermosillo.mx\/jlsvh\/wp-content\/uploads\/2023\/08\/SIMPOSIO-NOGAL-2023.jpeg 1080w\" sizes=\"auto, (max-width: 542px) 100vw, 542px\" \/><\/a><\/h5>\n","protected":false},"excerpt":{"rendered":"<p>\u00a1No te lo pierdas! La Junta Local de Sanidad Vegetal de Hermosillo, le hace una atenta invitaci\u00f3n al XXIV Simposio Internacional de Nogal Pecanero 2023, el cual se llevar\u00e1 a cabo los d\u00edas 14 y 15 de septiembre del a\u00f1o en curso, en la ciudad de Hermosillo, Sonora, M\u00e9xico. Este es un evento organizado por [&hellip;]<\/p>\n","protected":false},"author":7,"featured_media":1785,"comment_status":"closed","ping_status":"closed","sticky":false,"template":"","format":"standard","meta":{"footnotes":""},"categories":[5],"tags":[],"class_list":["post-1783","post","type-post","status-publish","format-standard","has-post-thumbnail","hentry","category-notas"],"_links":{"self":[{"href":"https:\/\/www.jlsvhermosillo.mx\/jlsvh\/wp-json\/wp\/v2\/posts\/1783","targetHints":{"allow":["GET"]}}],"collection":[{"href":"https:\/\/www.jlsvhermosillo.mx\/jlsvh\/wp-json\/wp\/v2\/posts"}],"about":[{"href":"https:\/\/www.jlsvhermosillo.mx\/jlsvh\/wp-json\/wp\/v2\/types\/post"}],"author":[{"embeddable":true,"href":"https:\/\/www.jlsvhermosillo.mx\/jlsvh\/wp-json\/wp\/v2\/users\/7"}],"replies":[{"embeddable":true,"href":"https:\/\/www.jlsvhermosillo.mx\/jlsvh\/wp-json\/wp\/v2\/comments?post=1783"}],"version-history":[{"count":3,"href":"https:\/\/www.jlsvhermosillo.mx\/jlsvh\/wp-json\/wp\/v2\/posts\/1783\/revisions"}],"predecessor-version":[{"id":1788,"href":"https:\/\/www.jlsvhermosillo.mx\/jlsvh\/wp-json\/wp\/v2\/posts\/1783\/revisions\/1788"}],"wp:featuredmedia":[{"embeddable":true,"href":"https:\/\/www.jlsvhermosillo.mx\/jlsvh\/wp-json\/wp\/v2\/media\/1785"}],"wp:attachment":[{"href":"https:\/\/www.jlsvhermosillo.mx\/jlsvh\/wp-json\/wp\/v2\/media?parent=1783"}],"wp:term":[{"taxonomy":"category","embeddable":true,"href":"https:\/\/www.jlsvhermosillo.mx\/jlsvh\/wp-json\/wp\/v2\/categories?post=1783"},{"taxonomy":"post_tag","embeddable":true,"href":"https:\/\/www.jlsvhermosillo.mx\/jlsvh\/wp-json\/wp\/v2\/tags?post=1783"}],"curies":[{"name":"wp","href":"https:\/\/api.w.org\/{rel}","templated":true}]}}