{"id":1799,"date":"2023-09-18T17:11:37","date_gmt":"2023-09-18T17:11:37","guid":{"rendered":"https:\/\/www.jlsvhermosillo.mx\/jlsvh\/?p=1799"},"modified":"2023-09-18T17:19:06","modified_gmt":"2023-09-18T17:19:06","slug":"evento-xxiv-simposio-internacional-de-nogal-pecanero-2023-2","status":"publish","type":"post","link":"https:\/\/www.jlsvhermosillo.mx\/jlsvh\/evento-xxiv-simposio-internacional-de-nogal-pecanero-2023-2\/","title":{"rendered":"Evento &#8211; &#8220;XXIV Simposio Internacional de Nogal Pecanero 2023&#8221;"},"content":{"rendered":"<h3 style=\"text-align: center;\"><span style=\"color: #339966;\"><strong>\u00a1Capacitarse es Crecer!<\/strong><\/span><\/h3>\n<hr \/>\n<h4><span style=\"color: #000000;\">Con el objetivo de conocer las \u00faltimas tendencias y actualizaciones en el sector nogalero, personal t\u00e9cnico de la Junta Local de Sanidad Vegetal de Hermosillo particip\u00f3 en las distintas actividades contempladas en este evento.\u00a0<\/span><\/h4>\n<h4><span style=\"color: #000000;\">Fue un honor formar parte de este Simposio donde compartimos ideas y proporcionamos informaci\u00f3n importante sobre nuestros productos.\u00a0<\/span><\/h4>\n<h4><span style=\"color: #000000;\">\u00bfVisitaste nuestro stand durante el Simposio? T<\/span><span style=\"color: #000000;\">e compartimos algunas im\u00e1genes de nuestra participaci\u00f3n. <\/span><\/h4>\n<h4 style=\"text-align: center;\"><span style=\"color: #000000;\">\u00a1Muchas gracias a todos los que nos visitaron!<\/span><\/h4>\n<p><img loading=\"lazy\" decoding=\"async\" class=\" wp-image-1812 aligncenter\" src=\"http:\/\/www.jlsvhermosillo.mx\/jlsvh\/wp-content\/uploads\/2023\/09\/4-simposio-1-300x220.jpeg\" alt=\"\" width=\"338\" height=\"248\" \/><img loading=\"lazy\" decoding=\"async\" class=\" wp-image-1809 aligncenter\" src=\"http:\/\/www.jlsvhermosillo.mx\/jlsvh\/wp-content\/uploads\/2023\/09\/1-simposio-1-300x199.jpeg\" alt=\"\" width=\"336\" height=\"223\" srcset=\"https:\/\/www.jlsvhermosillo.mx\/jlsvh\/wp-content\/uploads\/2023\/09\/1-simposio-1-300x199.jpeg 300w, https:\/\/www.jlsvhermosillo.mx\/jlsvh\/wp-content\/uploads\/2023\/09\/1-simposio-1-1024x679.jpeg 1024w, https:\/\/www.jlsvhermosillo.mx\/jlsvh\/wp-content\/uploads\/2023\/09\/1-simposio-1-768x509.jpeg 768w, https:\/\/www.jlsvhermosillo.mx\/jlsvh\/wp-content\/uploads\/2023\/09\/1-simposio-1-1080x716.jpeg 1080w, https:\/\/www.jlsvhermosillo.mx\/jlsvh\/wp-content\/uploads\/2023\/09\/1-simposio-1.jpeg 1466w\" sizes=\"auto, (max-width: 336px) 100vw, 336px\" \/><br \/>\n<img loading=\"lazy\" decoding=\"async\" class=\"wp-image-1810 aligncenter\" src=\"http:\/\/www.jlsvhermosillo.mx\/jlsvh\/wp-content\/uploads\/2023\/09\/2-simposio-1-300x195.jpeg\" alt=\"\" width=\"347\" height=\"226\" srcset=\"https:\/\/www.jlsvhermosillo.mx\/jlsvh\/wp-content\/uploads\/2023\/09\/2-simposio-1-300x195.jpeg 300w, https:\/\/www.jlsvhermosillo.mx\/jlsvh\/wp-content\/uploads\/2023\/09\/2-simposio-1-768x498.jpeg 768w, https:\/\/www.jlsvhermosillo.mx\/jlsvh\/wp-content\/uploads\/2023\/09\/2-simposio-1.jpeg 999w\" sizes=\"auto, (max-width: 347px) 100vw, 347px\" \/><\/p>\n<h4 style=\"text-align: center;\"><span style=\"color: #000000;\">#JLSVHermosillo #SimposioNogalPecanero #Agricultura #NogalPecanero<\/span><\/h4>\n<p>&nbsp;<\/p>\n","protected":false},"excerpt":{"rendered":"<p>\u00a1Capacitarse es Crecer! Con el objetivo de conocer las \u00faltimas tendencias y actualizaciones en el sector nogalero, personal t\u00e9cnico de la Junta Local de Sanidad Vegetal de Hermosillo particip\u00f3 en las distintas actividades contempladas en este evento.\u00a0 Fue un honor formar parte de este Simposio donde compartimos ideas y proporcionamos informaci\u00f3n importante sobre nuestros productos.\u00a0 [&hellip;]<\/p>\n","protected":false},"author":7,"featured_media":0,"comment_status":"closed","ping_status":"closed","sticky":false,"template":"","format":"standard","meta":{"footnotes":""},"categories":[5],"tags":[],"class_list":["post-1799","post","type-post","status-publish","format-standard","hentry","category-notas"],"_links":{"self":[{"href":"https:\/\/www.jlsvhermosillo.mx\/jlsvh\/wp-json\/wp\/v2\/posts\/1799","targetHints":{"allow":["GET"]}}],"collection":[{"href":"https:\/\/www.jlsvhermosillo.mx\/jlsvh\/wp-json\/wp\/v2\/posts"}],"about":[{"href":"https:\/\/www.jlsvhermosillo.mx\/jlsvh\/wp-json\/wp\/v2\/types\/post"}],"author":[{"embeddable":true,"href":"https:\/\/www.jlsvhermosillo.mx\/jlsvh\/wp-json\/wp\/v2\/users\/7"}],"replies":[{"embeddable":true,"href":"https:\/\/www.jlsvhermosillo.mx\/jlsvh\/wp-json\/wp\/v2\/comments?post=1799"}],"version-history":[{"count":3,"href":"https:\/\/www.jlsvhermosillo.mx\/jlsvh\/wp-json\/wp\/v2\/posts\/1799\/revisions"}],"predecessor-version":[{"id":1815,"href":"https:\/\/www.jlsvhermosillo.mx\/jlsvh\/wp-json\/wp\/v2\/posts\/1799\/revisions\/1815"}],"wp:attachment":[{"href":"https:\/\/www.jlsvhermosillo.mx\/jlsvh\/wp-json\/wp\/v2\/media?parent=1799"}],"wp:term":[{"taxonomy":"category","embeddable":true,"href":"https:\/\/www.jlsvhermosillo.mx\/jlsvh\/wp-json\/wp\/v2\/categories?post=1799"},{"taxonomy":"post_tag","embeddable":true,"href":"https:\/\/www.jlsvhermosillo.mx\/jlsvh\/wp-json\/wp\/v2\/tags?post=1799"}],"curies":[{"name":"wp","href":"https:\/\/api.w.org\/{rel}","templated":true}]}}