{"id":1917,"date":"2024-02-02T19:26:19","date_gmt":"2024-02-02T19:26:19","guid":{"rendered":"https:\/\/www.jlsvhermosillo.mx\/jlsvh\/?p=1917"},"modified":"2024-02-02T19:38:39","modified_gmt":"2024-02-02T19:38:39","slug":"tenemos-una-oportunidad-para-ti-7","status":"publish","type":"post","link":"https:\/\/www.jlsvhermosillo.mx\/jlsvh\/tenemos-una-oportunidad-para-ti-7\/","title":{"rendered":"\u00a1Tenemos una Oportunidad para ti!"},"content":{"rendered":"<h3 style=\"text-align: center;\"><span style=\"color: #008000;\"><strong>CONVOCATORIA P\u00daBLICA Y ABIERTA No. 001\/2024<\/strong><\/span><\/h3>\n<hr \/>\n<h3 style=\"text-align: center;\"><span style=\"color: #000000;\"><strong>VACANTE: AUXILIAR DE CAMPO\u00a0<\/strong><\/span><\/h3>\n<h3 style=\"text-align: center;\"><span style=\"color: #000000;\">Consulta las bases aq<\/span>u\u00ed <span style=\"color: #000000;\">\u00a0<\/span><\/h3>\n<div class=\"et_pb_slider et_pb_slider_fullwidth_off et_pb_gallery_post_type\">\n\t\t\t\t<div class=\"et_pb_slides\">\n\t\t\t\t\t<div class=\"et_pb_slide\" style=\"background: url(https:\/\/www.jlsvhermosillo.mx\/jlsvh\/wp-content\/uploads\/2024\/02\/001-4.bmp);\"><\/div><div class=\"et_pb_slide\" style=\"background: url(https:\/\/www.jlsvhermosillo.mx\/jlsvh\/wp-content\/uploads\/2024\/02\/002-2.bmp);\"><\/div><div class=\"et_pb_slide\" style=\"background: url(https:\/\/www.jlsvhermosillo.mx\/jlsvh\/wp-content\/uploads\/2024\/02\/003-2.bmp);\"><\/div><div class=\"et_pb_slide\" style=\"background: url(https:\/\/www.jlsvhermosillo.mx\/jlsvh\/wp-content\/uploads\/2024\/02\/004-2.bmp);\"><\/div><div class=\"et_pb_slide\" style=\"background: url(https:\/\/www.jlsvhermosillo.mx\/jlsvh\/wp-content\/uploads\/2024\/02\/005-2.bmp);\"><\/div>\n\t\t\t\t<\/div>\n\t\t\t<\/div>\n<p>&nbsp;<\/p>\n<h3 style=\"text-align: center;\">Ubicaci\u00f3n: Blvd. Jes\u00fas Garc\u00eda Morales #342, Col. El Llano<\/h3>\n<h3 style=\"text-align: center;\">Tel\u00e9fonos: 662 260 7046 y 662 260 8246<\/h3>\n","protected":false},"excerpt":{"rendered":"<p>CONVOCATORIA P\u00daBLICA Y ABIERTA No. 001\/2024 VACANTE: AUXILIAR DE CAMPO\u00a0 Consulta las bases aqu\u00ed \u00a0 &nbsp; Ubicaci\u00f3n: Blvd. Jes\u00fas Garc\u00eda Morales #342, Col. El Llano Tel\u00e9fonos: 662 260 7046 y 662 260 8246<\/p>\n","protected":false},"author":7,"featured_media":1938,"comment_status":"closed","ping_status":"closed","sticky":false,"template":"","format":"standard","meta":{"footnotes":""},"categories":[5],"tags":[],"class_list":["post-1917","post","type-post","status-publish","format-standard","has-post-thumbnail","hentry","category-notas"],"_links":{"self":[{"href":"https:\/\/www.jlsvhermosillo.mx\/jlsvh\/wp-json\/wp\/v2\/posts\/1917","targetHints":{"allow":["GET"]}}],"collection":[{"href":"https:\/\/www.jlsvhermosillo.mx\/jlsvh\/wp-json\/wp\/v2\/posts"}],"about":[{"href":"https:\/\/www.jlsvhermosillo.mx\/jlsvh\/wp-json\/wp\/v2\/types\/post"}],"author":[{"embeddable":true,"href":"https:\/\/www.jlsvhermosillo.mx\/jlsvh\/wp-json\/wp\/v2\/users\/7"}],"replies":[{"embeddable":true,"href":"https:\/\/www.jlsvhermosillo.mx\/jlsvh\/wp-json\/wp\/v2\/comments?post=1917"}],"version-history":[{"count":3,"href":"https:\/\/www.jlsvhermosillo.mx\/jlsvh\/wp-json\/wp\/v2\/posts\/1917\/revisions"}],"predecessor-version":[{"id":1937,"href":"https:\/\/www.jlsvhermosillo.mx\/jlsvh\/wp-json\/wp\/v2\/posts\/1917\/revisions\/1937"}],"wp:featuredmedia":[{"embeddable":true,"href":"https:\/\/www.jlsvhermosillo.mx\/jlsvh\/wp-json\/wp\/v2\/media\/1938"}],"wp:attachment":[{"href":"https:\/\/www.jlsvhermosillo.mx\/jlsvh\/wp-json\/wp\/v2\/media?parent=1917"}],"wp:term":[{"taxonomy":"category","embeddable":true,"href":"https:\/\/www.jlsvhermosillo.mx\/jlsvh\/wp-json\/wp\/v2\/categories?post=1917"},{"taxonomy":"post_tag","embeddable":true,"href":"https:\/\/www.jlsvhermosillo.mx\/jlsvh\/wp-json\/wp\/v2\/tags?post=1917"}],"curies":[{"name":"wp","href":"https:\/\/api.w.org\/{rel}","templated":true}]}}