{"id":1939,"date":"2024-02-02T20:10:29","date_gmt":"2024-02-02T20:10:29","guid":{"rendered":"https:\/\/www.jlsvhermosillo.mx\/jlsvh\/?p=1939"},"modified":"2024-02-02T20:13:06","modified_gmt":"2024-02-02T20:13:06","slug":"tenemos-una-oportunidad-para-ti-8","status":"publish","type":"post","link":"https:\/\/www.jlsvhermosillo.mx\/jlsvh\/tenemos-una-oportunidad-para-ti-8\/","title":{"rendered":"\u00a1Tenemos una Oportunidad para ti!"},"content":{"rendered":"<h3 style=\"text-align: center;\"><span style=\"color: #008000;\"><strong>CONVOCARTORIA P\u00daBLICA Y ABIERTA No. 002\/2024<\/strong><\/span><\/h3>\n<hr \/>\n<h3 style=\"text-align: center;\"><strong><span style=\"color: #000000;\">VACANTE: AUXILIAR DE CAMPO<\/span><\/strong><\/h3>\n<h3 style=\"text-align: center;\"><span style=\"color: #000000;\">Consulta las bases aqu\u00ed\u00a0<\/span><\/h3>\n<div class=\"et_pb_slider et_pb_slider_fullwidth_off et_pb_gallery_post_type\">\n\t\t\t\t<div class=\"et_pb_slides\">\n\t\t\t\t\t<div class=\"et_pb_slide\" style=\"background: url(https:\/\/www.jlsvhermosillo.mx\/jlsvh\/wp-content\/uploads\/2024\/02\/001-5.bmp);\"><\/div><div class=\"et_pb_slide\" style=\"background: url(https:\/\/www.jlsvhermosillo.mx\/jlsvh\/wp-content\/uploads\/2024\/02\/002-3.bmp);\"><\/div><div class=\"et_pb_slide\" style=\"background: url(https:\/\/www.jlsvhermosillo.mx\/jlsvh\/wp-content\/uploads\/2024\/02\/003-3.bmp);\"><\/div><div class=\"et_pb_slide\" style=\"background: url(https:\/\/www.jlsvhermosillo.mx\/jlsvh\/wp-content\/uploads\/2024\/02\/004-3.bmp);\"><\/div><div class=\"et_pb_slide\" style=\"background: url(https:\/\/www.jlsvhermosillo.mx\/jlsvh\/wp-content\/uploads\/2024\/02\/005-3.bmp);\"><\/div>\n\t\t\t\t<\/div>\n\t\t\t<\/div>\n<h3 style=\"text-align: center;\">Ubicaci\u00f3n: Blvd. Jes\u00fas Garc\u00eda Morales #342, Col. El Llano<\/h3>\n<h3 style=\"text-align: center;\">Tel\u00e9fonos: 662 260 7046 y 662 260 8246<\/h3>\n","protected":false},"excerpt":{"rendered":"<p>CONVOCARTORIA P\u00daBLICA Y ABIERTA No. 002\/2024 VACANTE: AUXILIAR DE CAMPO Consulta las bases aqu\u00ed\u00a0 Ubicaci\u00f3n: Blvd. Jes\u00fas Garc\u00eda Morales #342, Col. El Llano Tel\u00e9fonos: 662 260 7046 y 662 260 8246<\/p>\n","protected":false},"author":7,"featured_media":1946,"comment_status":"closed","ping_status":"closed","sticky":false,"template":"","format":"standard","meta":{"footnotes":""},"categories":[5],"tags":[],"class_list":["post-1939","post","type-post","status-publish","format-standard","has-post-thumbnail","hentry","category-notas"],"_links":{"self":[{"href":"https:\/\/www.jlsvhermosillo.mx\/jlsvh\/wp-json\/wp\/v2\/posts\/1939","targetHints":{"allow":["GET"]}}],"collection":[{"href":"https:\/\/www.jlsvhermosillo.mx\/jlsvh\/wp-json\/wp\/v2\/posts"}],"about":[{"href":"https:\/\/www.jlsvhermosillo.mx\/jlsvh\/wp-json\/wp\/v2\/types\/post"}],"author":[{"embeddable":true,"href":"https:\/\/www.jlsvhermosillo.mx\/jlsvh\/wp-json\/wp\/v2\/users\/7"}],"replies":[{"embeddable":true,"href":"https:\/\/www.jlsvhermosillo.mx\/jlsvh\/wp-json\/wp\/v2\/comments?post=1939"}],"version-history":[{"count":3,"href":"https:\/\/www.jlsvhermosillo.mx\/jlsvh\/wp-json\/wp\/v2\/posts\/1939\/revisions"}],"predecessor-version":[{"id":2441,"href":"https:\/\/www.jlsvhermosillo.mx\/jlsvh\/wp-json\/wp\/v2\/posts\/1939\/revisions\/2441"}],"wp:featuredmedia":[{"embeddable":true,"href":"https:\/\/www.jlsvhermosillo.mx\/jlsvh\/wp-json\/wp\/v2\/media\/1946"}],"wp:attachment":[{"href":"https:\/\/www.jlsvhermosillo.mx\/jlsvh\/wp-json\/wp\/v2\/media?parent=1939"}],"wp:term":[{"taxonomy":"category","embeddable":true,"href":"https:\/\/www.jlsvhermosillo.mx\/jlsvh\/wp-json\/wp\/v2\/categories?post=1939"},{"taxonomy":"post_tag","embeddable":true,"href":"https:\/\/www.jlsvhermosillo.mx\/jlsvh\/wp-json\/wp\/v2\/tags?post=1939"}],"curies":[{"name":"wp","href":"https:\/\/api.w.org\/{rel}","templated":true}]}}