{"id":2243,"date":"2025-03-18T22:45:30","date_gmt":"2025-03-18T22:45:30","guid":{"rendered":"https:\/\/www.jlsvhermosillo.mx\/jlsvh\/?p=2243"},"modified":"2025-03-18T22:48:59","modified_gmt":"2025-03-18T22:48:59","slug":"tenemos-una-oportunidad-para-ti-10","status":"publish","type":"post","link":"https:\/\/www.jlsvhermosillo.mx\/jlsvh\/tenemos-una-oportunidad-para-ti-10\/","title":{"rendered":"\u00a1Tenemos una oportunidad para ti!"},"content":{"rendered":"<h3 style=\"text-align: center;\"><span style=\"color: #339966;\"><strong>CONVOCATORIA P\u00daBLICA Y ABIERTA No. 001\/2025<\/strong><\/span><\/h3>\n<hr \/>\n<h3 style=\"text-align: center;\"><strong>VACANTE: AUXILIAR DE CAMPO<\/strong><\/h3>\n<h3 style=\"text-align: center;\">\u00a1Consulta las bases aqu\u00ed!<\/h3>\n<div class=\"et_pb_slider et_pb_slider_fullwidth_off et_pb_gallery_post_type\">\n\t\t\t\t<div class=\"et_pb_slides\">\n\t\t\t\t\t<div class=\"et_pb_slide\" style=\"background: url(https:\/\/www.jlsvhermosillo.mx\/jlsvh\/wp-content\/uploads\/2025\/03\/CONVOCATORIA-001-2025-1-1.jpg);\"><\/div><div class=\"et_pb_slide\" style=\"background: url(https:\/\/www.jlsvhermosillo.mx\/jlsvh\/wp-content\/uploads\/2025\/03\/CONVOCATORIA-001-2025-2-1.jpg);\"><\/div><div class=\"et_pb_slide\" style=\"background: url(https:\/\/www.jlsvhermosillo.mx\/jlsvh\/wp-content\/uploads\/2025\/03\/CONVOCATORIA-001-2025-3-1.jpg);\"><\/div><div class=\"et_pb_slide\" style=\"background: url(https:\/\/www.jlsvhermosillo.mx\/jlsvh\/wp-content\/uploads\/2025\/03\/CONVOCATORIA-001-2025-4-1.jpg);\"><\/div><div class=\"et_pb_slide\" style=\"background: url(https:\/\/www.jlsvhermosillo.mx\/jlsvh\/wp-content\/uploads\/2025\/03\/CONVOCATORIA-001-2025-5-1.jpg);\"><\/div>\n\t\t\t\t<\/div>\n\t\t\t<\/div>\n<h3 style=\"text-align: center;\"><span style=\"color: #000000;\">Ubicaci\u00f3n: Blvd. Jes\u00fas Garc\u00eda Morales #342, Col. El Llano<\/span><\/h3>\n<h3 style=\"text-align: center;\"><span style=\"color: #000000;\">Tel. 662 260 7046<\/span><\/h3>\n","protected":false},"excerpt":{"rendered":"<p>CONVOCATORIA P\u00daBLICA Y ABIERTA No. 001\/2025 VACANTE: AUXILIAR DE CAMPO \u00a1Consulta las bases aqu\u00ed! Ubicaci\u00f3n: Blvd. Jes\u00fas Garc\u00eda Morales #342, Col. El Llano Tel. 662 260 7046<\/p>\n","protected":false},"author":7,"featured_media":2257,"comment_status":"closed","ping_status":"closed","sticky":false,"template":"","format":"standard","meta":{"footnotes":""},"categories":[5],"tags":[],"class_list":["post-2243","post","type-post","status-publish","format-standard","has-post-thumbnail","hentry","category-notas"],"_links":{"self":[{"href":"https:\/\/www.jlsvhermosillo.mx\/jlsvh\/wp-json\/wp\/v2\/posts\/2243","targetHints":{"allow":["GET"]}}],"collection":[{"href":"https:\/\/www.jlsvhermosillo.mx\/jlsvh\/wp-json\/wp\/v2\/posts"}],"about":[{"href":"https:\/\/www.jlsvhermosillo.mx\/jlsvh\/wp-json\/wp\/v2\/types\/post"}],"author":[{"embeddable":true,"href":"https:\/\/www.jlsvhermosillo.mx\/jlsvh\/wp-json\/wp\/v2\/users\/7"}],"replies":[{"embeddable":true,"href":"https:\/\/www.jlsvhermosillo.mx\/jlsvh\/wp-json\/wp\/v2\/comments?post=2243"}],"version-history":[{"count":3,"href":"https:\/\/www.jlsvhermosillo.mx\/jlsvh\/wp-json\/wp\/v2\/posts\/2243\/revisions"}],"predecessor-version":[{"id":2256,"href":"https:\/\/www.jlsvhermosillo.mx\/jlsvh\/wp-json\/wp\/v2\/posts\/2243\/revisions\/2256"}],"wp:featuredmedia":[{"embeddable":true,"href":"https:\/\/www.jlsvhermosillo.mx\/jlsvh\/wp-json\/wp\/v2\/media\/2257"}],"wp:attachment":[{"href":"https:\/\/www.jlsvhermosillo.mx\/jlsvh\/wp-json\/wp\/v2\/media?parent=2243"}],"wp:term":[{"taxonomy":"category","embeddable":true,"href":"https:\/\/www.jlsvhermosillo.mx\/jlsvh\/wp-json\/wp\/v2\/categories?post=2243"},{"taxonomy":"post_tag","embeddable":true,"href":"https:\/\/www.jlsvhermosillo.mx\/jlsvh\/wp-json\/wp\/v2\/tags?post=2243"}],"curies":[{"name":"wp","href":"https:\/\/api.w.org\/{rel}","templated":true}]}}