{"id":2258,"date":"2025-03-18T22:55:50","date_gmt":"2025-03-18T22:55:50","guid":{"rendered":"https:\/\/www.jlsvhermosillo.mx\/jlsvh\/?p=2258"},"modified":"2025-03-18T22:55:56","modified_gmt":"2025-03-18T22:55:56","slug":"tenemos-una-oportunidad-para-ti-11","status":"publish","type":"post","link":"https:\/\/www.jlsvhermosillo.mx\/jlsvh\/tenemos-una-oportunidad-para-ti-11\/","title":{"rendered":"\u00a1Tenemos una Oportunidad para ti!"},"content":{"rendered":"<h3 style=\"text-align: center;\"><span style=\"color: #339966;\"><strong>CONVOCATORIA P\u00daBLICA Y ABIERTA No. 002\/2025<\/strong><\/span><\/h3>\n<hr \/>\n<h3 style=\"text-align: center;\"><strong>VACANTE: AUXILIAR DE CAMPO\u00a0<\/strong><\/h3>\n<h3 style=\"text-align: center;\">\u00a1Consulta las bases aqu\u00ed!<\/h3>\n<div class=\"et_pb_slider et_pb_slider_fullwidth_off et_pb_gallery_post_type\">\n\t\t\t\t<div class=\"et_pb_slides\">\n\t\t\t\t\t<div class=\"et_pb_slide\" style=\"background: url(https:\/\/www.jlsvhermosillo.mx\/jlsvh\/wp-content\/uploads\/2025\/03\/CONVOCATORIA-002-2025-HORTALIZAS-1.jpg);\"><\/div><div class=\"et_pb_slide\" style=\"background: url(https:\/\/www.jlsvhermosillo.mx\/jlsvh\/wp-content\/uploads\/2025\/03\/CONVOCATORIA-002-2025-HORTALIZAS-2.jpg);\"><\/div><div class=\"et_pb_slide\" style=\"background: url(https:\/\/www.jlsvhermosillo.mx\/jlsvh\/wp-content\/uploads\/2025\/03\/CONVOCATORIA-002-2025-HORTALIZAS-3.jpg);\"><\/div><div class=\"et_pb_slide\" style=\"background: url(https:\/\/www.jlsvhermosillo.mx\/jlsvh\/wp-content\/uploads\/2025\/03\/CONVOCATORIA-002-2025-HORTALIZAS-4.jpg);\"><\/div><div class=\"et_pb_slide\" style=\"background: url(https:\/\/www.jlsvhermosillo.mx\/jlsvh\/wp-content\/uploads\/2025\/03\/CONVOCATORIA-002-2025-HORTALIZAS-5.jpg);\"><\/div>\n\t\t\t\t<\/div>\n\t\t\t<\/div>\n<h3 style=\"text-align: center;\">Ubicaci\u00f3n: Blvd. Jes\u00fas Garc\u00eda Morales #342, Col. El Llano.<\/h3>\n<h3 style=\"text-align: center;\">Tel: 662 260 7046<\/h3>\n","protected":false},"excerpt":{"rendered":"<p>CONVOCATORIA P\u00daBLICA Y ABIERTA No. 002\/2025 VACANTE: AUXILIAR DE CAMPO\u00a0 \u00a1Consulta las bases aqu\u00ed! Ubicaci\u00f3n: Blvd. Jes\u00fas Garc\u00eda Morales #342, Col. El Llano. Tel: 662 260 7046<\/p>\n","protected":false},"author":7,"featured_media":2264,"comment_status":"closed","ping_status":"closed","sticky":false,"template":"","format":"standard","meta":{"footnotes":""},"categories":[5],"tags":[],"class_list":["post-2258","post","type-post","status-publish","format-standard","has-post-thumbnail","hentry","category-notas"],"_links":{"self":[{"href":"https:\/\/www.jlsvhermosillo.mx\/jlsvh\/wp-json\/wp\/v2\/posts\/2258","targetHints":{"allow":["GET"]}}],"collection":[{"href":"https:\/\/www.jlsvhermosillo.mx\/jlsvh\/wp-json\/wp\/v2\/posts"}],"about":[{"href":"https:\/\/www.jlsvhermosillo.mx\/jlsvh\/wp-json\/wp\/v2\/types\/post"}],"author":[{"embeddable":true,"href":"https:\/\/www.jlsvhermosillo.mx\/jlsvh\/wp-json\/wp\/v2\/users\/7"}],"replies":[{"embeddable":true,"href":"https:\/\/www.jlsvhermosillo.mx\/jlsvh\/wp-json\/wp\/v2\/comments?post=2258"}],"version-history":[{"count":1,"href":"https:\/\/www.jlsvhermosillo.mx\/jlsvh\/wp-json\/wp\/v2\/posts\/2258\/revisions"}],"predecessor-version":[{"id":2265,"href":"https:\/\/www.jlsvhermosillo.mx\/jlsvh\/wp-json\/wp\/v2\/posts\/2258\/revisions\/2265"}],"wp:featuredmedia":[{"embeddable":true,"href":"https:\/\/www.jlsvhermosillo.mx\/jlsvh\/wp-json\/wp\/v2\/media\/2264"}],"wp:attachment":[{"href":"https:\/\/www.jlsvhermosillo.mx\/jlsvh\/wp-json\/wp\/v2\/media?parent=2258"}],"wp:term":[{"taxonomy":"category","embeddable":true,"href":"https:\/\/www.jlsvhermosillo.mx\/jlsvh\/wp-json\/wp\/v2\/categories?post=2258"},{"taxonomy":"post_tag","embeddable":true,"href":"https:\/\/www.jlsvhermosillo.mx\/jlsvh\/wp-json\/wp\/v2\/tags?post=2258"}],"curies":[{"name":"wp","href":"https:\/\/api.w.org\/{rel}","templated":true}]}}