{"id":2279,"date":"2025-06-26T17:45:23","date_gmt":"2025-06-26T17:45:23","guid":{"rendered":"https:\/\/www.jlsvhermosillo.mx\/jlsvh\/?p=2279"},"modified":"2025-06-26T17:45:31","modified_gmt":"2025-06-26T17:45:31","slug":"ventana-libre-de-cultivos-de-hortalizas","status":"publish","type":"post","link":"https:\/\/www.jlsvhermosillo.mx\/jlsvh\/ventana-libre-de-cultivos-de-hortalizas\/","title":{"rendered":"Ventana Libre de Cultivos de Hortalizas"},"content":{"rendered":"<h3 style=\"text-align: center;\"><span style=\"color: #008000;\"><strong>\u00a1Atenci\u00f3n Agricultores!<\/strong><\/span><\/h3>\n<hr \/>\n<h3 style=\"text-align: center;\"><span style=\"color: #000000;\">Ventana libre de cultivos de hortalizas en la regi\u00f3n<\/span><\/h3>\n<h3 style=\"text-align: center;\"><strong><span style=\"color: #000000;\">Costa de Hermosillo &#8211; Pesqueira &#8211; Carb\u00f3\u00a0<\/span><\/strong><\/h3>\n<h3 style=\"text-align: center;\"><span style=\"color: #000000;\">Inicia: <em>24 de Junio<\/em>\u00a0<\/span><\/h3>\n<h3 style=\"text-align: center;\"><span style=\"color: #000000;\">Termina: <em>05 de agosto\u00a0<\/em><\/span><\/h3>\n<h3 style=\"text-align: center;\"><span style=\"color: #008000;\"><strong>\u00a1Rompe el ciclo de la mosquita blanca!<\/strong><\/span><\/h3>\n<p><img loading=\"lazy\" decoding=\"async\" class=\"wp-image-2280 aligncenter\" src=\"https:\/\/www.jlsvhermosillo.mx\/jlsvh\/wp-content\/uploads\/2025\/06\/POSTER-HORTALIZA-2025-240x300.png\" alt=\"\" width=\"1014\" height=\"1268\" srcset=\"https:\/\/www.jlsvhermosillo.mx\/jlsvh\/wp-content\/uploads\/2025\/06\/POSTER-HORTALIZA-2025-240x300.png 240w, https:\/\/www.jlsvhermosillo.mx\/jlsvh\/wp-content\/uploads\/2025\/06\/POSTER-HORTALIZA-2025-819x1024.png 819w, https:\/\/www.jlsvhermosillo.mx\/jlsvh\/wp-content\/uploads\/2025\/06\/POSTER-HORTALIZA-2025-768x960.png 768w, https:\/\/www.jlsvhermosillo.mx\/jlsvh\/wp-content\/uploads\/2025\/06\/POSTER-HORTALIZA-2025.png 1080w\" sizes=\"auto, (max-width: 1014px) 100vw, 1014px\" \/><\/p>\n","protected":false},"excerpt":{"rendered":"<p>\u00a1Atenci\u00f3n Agricultores! Ventana libre de cultivos de hortalizas en la regi\u00f3n Costa de Hermosillo &#8211; Pesqueira &#8211; Carb\u00f3\u00a0 Inicia: 24 de Junio\u00a0 Termina: 05 de agosto\u00a0 \u00a1Rompe el ciclo de la mosquita blanca!<\/p>\n","protected":false},"author":7,"featured_media":2281,"comment_status":"closed","ping_status":"closed","sticky":false,"template":"","format":"standard","meta":{"footnotes":""},"categories":[5],"tags":[],"class_list":["post-2279","post","type-post","status-publish","format-standard","has-post-thumbnail","hentry","category-notas"],"_links":{"self":[{"href":"https:\/\/www.jlsvhermosillo.mx\/jlsvh\/wp-json\/wp\/v2\/posts\/2279","targetHints":{"allow":["GET"]}}],"collection":[{"href":"https:\/\/www.jlsvhermosillo.mx\/jlsvh\/wp-json\/wp\/v2\/posts"}],"about":[{"href":"https:\/\/www.jlsvhermosillo.mx\/jlsvh\/wp-json\/wp\/v2\/types\/post"}],"author":[{"embeddable":true,"href":"https:\/\/www.jlsvhermosillo.mx\/jlsvh\/wp-json\/wp\/v2\/users\/7"}],"replies":[{"embeddable":true,"href":"https:\/\/www.jlsvhermosillo.mx\/jlsvh\/wp-json\/wp\/v2\/comments?post=2279"}],"version-history":[{"count":1,"href":"https:\/\/www.jlsvhermosillo.mx\/jlsvh\/wp-json\/wp\/v2\/posts\/2279\/revisions"}],"predecessor-version":[{"id":2282,"href":"https:\/\/www.jlsvhermosillo.mx\/jlsvh\/wp-json\/wp\/v2\/posts\/2279\/revisions\/2282"}],"wp:featuredmedia":[{"embeddable":true,"href":"https:\/\/www.jlsvhermosillo.mx\/jlsvh\/wp-json\/wp\/v2\/media\/2281"}],"wp:attachment":[{"href":"https:\/\/www.jlsvhermosillo.mx\/jlsvh\/wp-json\/wp\/v2\/media?parent=2279"}],"wp:term":[{"taxonomy":"category","embeddable":true,"href":"https:\/\/www.jlsvhermosillo.mx\/jlsvh\/wp-json\/wp\/v2\/categories?post=2279"},{"taxonomy":"post_tag","embeddable":true,"href":"https:\/\/www.jlsvhermosillo.mx\/jlsvh\/wp-json\/wp\/v2\/tags?post=2279"}],"curies":[{"name":"wp","href":"https:\/\/api.w.org\/{rel}","templated":true}]}}