{"id":2426,"date":"2025-11-21T22:46:45","date_gmt":"2025-11-21T22:46:45","guid":{"rendered":"https:\/\/www.jlsvhermosillo.mx\/jlsvh\/?p=2426"},"modified":"2025-11-21T23:04:46","modified_gmt":"2025-11-21T23:04:46","slug":"tenemos-una-oportunidad-para-ti-12","status":"publish","type":"post","link":"https:\/\/www.jlsvhermosillo.mx\/jlsvh\/tenemos-una-oportunidad-para-ti-12\/","title":{"rendered":"\u00a1Tenemos una Oportunidad para ti!"},"content":{"rendered":"<h3 style=\"text-align: center;\"><span style=\"color: #008000;\"><strong><span dir=\"auto\" style=\"vertical-align: inherit;\"><span dir=\"auto\" style=\"vertical-align: inherit;\"><span dir=\"auto\" style=\"vertical-align: inherit;\">CONVOCARTORIA P\u00daBLICA Y ABIERTA No. 003\/2025<\/span><\/span><\/span><\/strong><\/span><\/h3>\n<h3 style=\"text-align: center;\"><span style=\"color: #000000;\"><strong><span dir=\"auto\" style=\"vertical-align: inherit;\"><span dir=\"auto\" style=\"vertical-align: inherit;\"><span dir=\"auto\" style=\"vertical-align: inherit;\">VACANTE: AUXILIAR DE CAMPO\u00a0<\/span><\/span><\/span><\/strong><\/span><\/h3>\n<h3 style=\"text-align: center;\"><span style=\"color: #000000;\"><span dir=\"auto\" style=\"vertical-align: inherit;\"><span dir=\"auto\" style=\"vertical-align: inherit;\"><span dir=\"auto\" style=\"vertical-align: inherit;\">Consulta las bases aqu\u00ed\u00a0<\/span><\/span><\/span><\/span><\/h3>\n<div class=\"et_pb_slider et_pb_slider_fullwidth_off et_pb_gallery_post_type\">\n\t\t\t\t<div class=\"et_pb_slides\">\n\t\t\t\t\t<div class=\"et_pb_slide\" style=\"background: url(https:\/\/www.jlsvhermosillo.mx\/jlsvh\/wp-content\/uploads\/2025\/11\/VACANTE-003-2025_page-0001-17.jpg);\"><\/div><div class=\"et_pb_slide\" style=\"background: url(https:\/\/www.jlsvhermosillo.mx\/jlsvh\/wp-content\/uploads\/2025\/11\/VACANTE-003-2025_page-0002-11.jpg);\"><\/div><div class=\"et_pb_slide\" style=\"background: url(https:\/\/www.jlsvhermosillo.mx\/jlsvh\/wp-content\/uploads\/2025\/11\/VACANTE-003-2025_page-0003-11.jpg);\"><\/div><div class=\"et_pb_slide\" style=\"background: url(https:\/\/www.jlsvhermosillo.mx\/jlsvh\/wp-content\/uploads\/2025\/11\/VACANTE-003-2025_page-0004-13.jpg);\"><\/div><div class=\"et_pb_slide\" style=\"background: url(https:\/\/www.jlsvhermosillo.mx\/jlsvh\/wp-content\/uploads\/2025\/11\/VACANTE-003-2025_page-0005-10.jpg);\"><\/div>\n\t\t\t\t<\/div>\n\t\t\t<\/div>\n<h3 style=\"text-align: center;\"><span dir=\"auto\" style=\"vertical-align: inherit;\"><span dir=\"auto\" style=\"vertical-align: inherit;\"><span dir=\"auto\" style=\"vertical-align: inherit;\">Ubicaci\u00f3n: Blvd. Jes\u00fas Garc\u00eda Morales #342, Col. El Llano<\/span><\/span><\/span><\/h3>\n<h3 style=\"text-align: center;\"><span dir=\"auto\" style=\"vertical-align: inherit;\"><span dir=\"auto\" style=\"vertical-align: inherit;\"><span dir=\"auto\" style=\"vertical-align: inherit;\">Tel\u00e9fonos: 662 260 7046 y 662 260 8246<\/span><\/span><\/span><\/h3>\n<p>&nbsp;<\/p>\n","protected":false},"excerpt":{"rendered":"<p>CONVOCARTORIA P\u00daBLICA Y ABIERTA No. 003\/2025 VACANTE: AUXILIAR DE CAMPO\u00a0 Consulta las bases aqu\u00ed\u00a0 Ubicaci\u00f3n: Blvd. Jes\u00fas Garc\u00eda Morales #342, Col. El Llano Tel\u00e9fonos: 662 260 7046 y 662 260 8246 &nbsp;<\/p>\n","protected":false},"author":7,"featured_media":2427,"comment_status":"closed","ping_status":"closed","sticky":false,"template":"","format":"standard","meta":{"footnotes":""},"categories":[5],"tags":[],"class_list":["post-2426","post","type-post","status-publish","format-standard","has-post-thumbnail","hentry","category-notas"],"_links":{"self":[{"href":"https:\/\/www.jlsvhermosillo.mx\/jlsvh\/wp-json\/wp\/v2\/posts\/2426","targetHints":{"allow":["GET"]}}],"collection":[{"href":"https:\/\/www.jlsvhermosillo.mx\/jlsvh\/wp-json\/wp\/v2\/posts"}],"about":[{"href":"https:\/\/www.jlsvhermosillo.mx\/jlsvh\/wp-json\/wp\/v2\/types\/post"}],"author":[{"embeddable":true,"href":"https:\/\/www.jlsvhermosillo.mx\/jlsvh\/wp-json\/wp\/v2\/users\/7"}],"replies":[{"embeddable":true,"href":"https:\/\/www.jlsvhermosillo.mx\/jlsvh\/wp-json\/wp\/v2\/comments?post=2426"}],"version-history":[{"count":5,"href":"https:\/\/www.jlsvhermosillo.mx\/jlsvh\/wp-json\/wp\/v2\/posts\/2426\/revisions"}],"predecessor-version":[{"id":2473,"href":"https:\/\/www.jlsvhermosillo.mx\/jlsvh\/wp-json\/wp\/v2\/posts\/2426\/revisions\/2473"}],"wp:featuredmedia":[{"embeddable":true,"href":"https:\/\/www.jlsvhermosillo.mx\/jlsvh\/wp-json\/wp\/v2\/media\/2427"}],"wp:attachment":[{"href":"https:\/\/www.jlsvhermosillo.mx\/jlsvh\/wp-json\/wp\/v2\/media?parent=2426"}],"wp:term":[{"taxonomy":"category","embeddable":true,"href":"https:\/\/www.jlsvhermosillo.mx\/jlsvh\/wp-json\/wp\/v2\/categories?post=2426"},{"taxonomy":"post_tag","embeddable":true,"href":"https:\/\/www.jlsvhermosillo.mx\/jlsvh\/wp-json\/wp\/v2\/tags?post=2426"}],"curies":[{"name":"wp","href":"https:\/\/api.w.org\/{rel}","templated":true}]}}